{"id":2418,"date":"2014-05-24T13:31:49","date_gmt":"2014-05-24T11:31:49","guid":{"rendered":"https:\/\/www.sibuscascoche.com\/noticias\/?p=2418"},"modified":"2014-06-09T08:39:47","modified_gmt":"2014-06-09T06:39:47","slug":"esperando-al-audi-q9","status":"publish","type":"post","link":"https:\/\/www.sibuscascoche.com\/noticias\/2014\/esperando-al-audi-q9\/","title":{"rendered":"Esperando al Audi Q9"},"content":{"rendered":"<p style=\"text-align: justify;\">Una de cal y una de arena. As\u00ed han sido las \u00faltimas noticias emitidas por la marca Audi en el Sal\u00f3n del Autom\u00f3vil de Beijing, donde se confirm\u00f3 la llegada del Audi Q9 y se desminti\u00f3 la fabricaci\u00f3n de un modelo inferior al Audi A1. El fabricante alem\u00e1n seguir\u00e1 aumentando el n\u00famero de carrocer\u00edas SUV disponibles en su gama (que hasta ahora cuenta los modelos Q3, Q5 y Q7) y est\u00e1 previsto que se realicen numerosos lanzamientos \u2013posiblemente m\u00e1s de 50- en los pr\u00f3ximos a\u00f1os, con la meta de cubrir los segmentos en los que ya est\u00e1 ubicado y atreverse con otros nuevos nichos de mercado.<\/p>\n<p><img loading=\"lazy\" decoding=\"async\" class=\"alignright size-full wp-image-2430\" alt=\"audi q9, coche ocasi\u00f3n\" src=\"https:\/\/www.sibuscascoche.com\/noticias\/wp-content\/uploads\/2014\/05\/audi-q5-ocasion.jpg\" width=\"300\" height=\"292\" \/><\/p>\n<p style=\"text-align: justify;\">Es un secreto a voces que Audi est\u00e1 dise\u00f1ando una variante coup\u00e9 derivada del Audi Q5 que contar\u00e1 con su propio p\u00fablico, pero una de las grandes novedades, sin duda, es el nacimiento del Audi Q9, un impresionante utilitario que lejos de reducir sus proporciones, tal y como est\u00e1n haciendo otros fabricantes, se espera que se mantengan o se ampl\u00eden, lo que potenciar\u00e1 su car\u00e1cter de todoterreno urbano. Esto permite pensar que sea el Q7 el que s\u00ed ver\u00e1 reducidas sus dimensiones, convirti\u00e9ndose en un modelo m\u00e1s peque\u00f1o y ligero. Deteni\u00e9ndonos levemente en un vistazo a este Q7 que podr\u00eda llegar al mercado, es probable que \u00e9ste se asemeje a un todoterreno urbano totalmente renovado respecto al modelo actual.<\/p>\n<p style=\"text-align: justify;\">Seg\u00fan las pocas informaciones emitidas discretamente por el fabricante, todo apunta a que el Q9 se convertir\u00e1 en el s\u00edmbolo de la gama off-road de Audi. Este nuevo modelo, adem\u00e1s, podr\u00eda incluir la tecnolog\u00eda h\u00edbrida enchufable y, seg\u00fan lo previsto, sus principales mercados ser\u00edan Estados Unidos y Asia. El modelo contar\u00e1, muy probablemente, con la nueva l\u00ednea que marca el dise\u00f1o de la casa alemana y a\u00f1adir\u00e1 un nivel premium. Adem\u00e1s, la gama de motores estar\u00e1 compuesta, casi en su totalidad, por sistemas V8 y un equipamiento \u00fanico. Pocos detalles m\u00e1s se pueden avanzar sobre este futuro miembro de la familia SUV que ser\u00e1, con toda seguridad, un nuevo \u00e9xito para el fabricante de los aros.<\/p>\n<p style=\"text-align: justify;\">Por otro lado, no est\u00e1 en los planes de Audi el lanzamiento de un modelo inferior al A1, considerado un modelo de enorme \u00e9xito, como avalan sus 120.000 unidades vendidas.<\/p>\n<p style=\"text-align: justify;\">En cualquier caso, no existen fechas oficiales para estos esperados y pr\u00f3ximos lanzamientos as\u00ed que, hasta que se conozcan m\u00e1s datos concretos, la expectaci\u00f3n est\u00e1 servida.<\/p>\n","protected":false},"excerpt":{"rendered":"<p>Una de cal y una de arena. As\u00ed han sido las \u00faltimas noticias emitidas por la marca Audi en el Sal\u00f3n del Autom\u00f3vil de Beijing, donde se confirm\u00f3 la llegada<\/p>\n","protected":false},"author":1,"featured_media":2424,"comment_status":"closed","ping_status":"open","sticky":false,"template":"","format":"standard","meta":{"footnotes":""},"categories":[8],"tags":[18,129,23],"class_list":["post-2418","post","type-post","status-publish","format-standard","has-post-thumbnail","hentry","category-lanzamientos","tag-audi","tag-suv","tag-todoterreno"],"_links":{"self":[{"href":"https:\/\/www.sibuscascoche.com\/noticias\/wp-json\/wp\/v2\/posts\/2418","targetHints":{"allow":["GET"]}}],"collection":[{"href":"https:\/\/www.sibuscascoche.com\/noticias\/wp-json\/wp\/v2\/posts"}],"about":[{"href":"https:\/\/www.sibuscascoche.com\/noticias\/wp-json\/wp\/v2\/types\/post"}],"author":[{"embeddable":true,"href":"https:\/\/www.sibuscascoche.com\/noticias\/wp-json\/wp\/v2\/users\/1"}],"replies":[{"embeddable":true,"href":"https:\/\/www.sibuscascoche.com\/noticias\/wp-json\/wp\/v2\/comments?post=2418"}],"version-history":[{"count":8,"href":"https:\/\/www.sibuscascoche.com\/noticias\/wp-json\/wp\/v2\/posts\/2418\/revisions"}],"predecessor-version":[{"id":2432,"href":"https:\/\/www.sibuscascoche.com\/noticias\/wp-json\/wp\/v2\/posts\/2418\/revisions\/2432"}],"wp:featuredmedia":[{"embeddable":true,"href":"https:\/\/www.sibuscascoche.com\/noticias\/wp-json\/wp\/v2\/media\/2424"}],"wp:attachment":[{"href":"https:\/\/www.sibuscascoche.com\/noticias\/wp-json\/wp\/v2\/media?parent=2418"}],"wp:term":[{"taxonomy":"category","embeddable":true,"href":"https:\/\/www.sibuscascoche.com\/noticias\/wp-json\/wp\/v2\/categories?post=2418"},{"taxonomy":"post_tag","embeddable":true,"href":"https:\/\/www.sibuscascoche.com\/noticias\/wp-json\/wp\/v2\/tags?post=2418"}],"curies":[{"name":"wp","href":"https:\/\/api.w.org\/{rel}","templated":true}]}}