{"id":2363,"date":"2014-05-19T15:54:30","date_gmt":"2014-05-19T13:54:30","guid":{"rendered":"https:\/\/www.sibuscascoche.com\/noticias\/?p=2363"},"modified":"2014-05-19T15:54:30","modified_gmt":"2014-05-19T13:54:30","slug":"deportividad-potencia-asi-es-nuevo-gla","status":"publish","type":"post","link":"https:\/\/www.sibuscascoche.com\/noticias\/2014\/deportividad-potencia-asi-es-nuevo-gla\/","title":{"rendered":"Deportividad y potencia. As\u00ed es el nuevo GLA"},"content":{"rendered":"<p style=\"text-align: justify;\"><span style=\"line-height: 1.5em;\">Se acab\u00f3 la espera. El primer SUV compacto de Mercedes-Benz ya est\u00e1 aqu\u00ed. L\u00edneas de dise\u00f1o con <strong>aire de coup\u00e9<\/strong> se fusionan con un <strong>estilo id\u00f3neo para usar a diario<\/strong>. Y es que este utilitario de gama alta conjuga a partes iguales deportividad y potencia para presentarse como un veh\u00edculo preparado para todo tipo de terrenos. Proporciones din\u00e1micas, un motor fuerte gracias a su opcional tracci\u00f3n integral 4MATIC con funciones de todoterreno y un dise\u00f1o cuidado y con aires de distinci\u00f3n son solo algunos de los rasgos que definen a esta nueva estrella que brillar\u00e1 sobre el asfalto.<\/span><\/p>\n<p style=\"text-align: justify;\">El nuevo GLA es distinto a otros veh\u00edculos de sus segmento porque, entre otras caracter\u00edsticas, <strong>combina el estilo urbano y el moderno<\/strong>.<\/p>\n<p style=\"text-align: justify;\"><img loading=\"lazy\" decoding=\"async\" class=\"alignright size-full wp-image-2366\" title=\"Mercedes GLA, interior | Sibuscascoche.com\" alt=\"Meredes gla, coche segunda mano\" src=\"https:\/\/www.sibuscascoche.com\/noticias\/wp-content\/uploads\/2014\/05\/Mercedes-GLA-2014-coche-ocasion.jpg\" width=\"300\" height=\"220\" \/>En un vistazo al exterior, este SUV hace gala de una silueta proporcionada, con un llamativo frontal \u00a0en el que luce la caracter\u00edstica estrella que distingue a la casa alemana. Adem\u00e1s, la denominada \u201cdropping-line\u201d (l\u00ednea que recorre la vista lateral, desde el faro hasta el eje trasero) genera dinamismo y marca el porte inconfundible de este modelo. Otros rasgos de personalidad son la protecci\u00f3n est\u00e9tica inferior en cromo oscuro o en negro brillante, as\u00ed como los pasarruedas y los embellecedores laterales de color negro y acabado estriado y la parrilla del radiador coronada por rejillas en forma de rombo. La eficiente tecnolog\u00eda LED completa el aspecto de este SUV, unos faros que generan un imagen luminosa fascinante en los intermitentes delanteros y traseros, freno y luz trasera antiniebla. En el caso de las luces diurnas, la luz de posici\u00f3n y el piloto trasero, estos incluyen la t\u00e9cnica de fibra \u00f3ptica.<\/p>\n<p style=\"text-align: justify;\">La extensa superficie acristalada resultado de un impresionante techo corredizo panor\u00e1mico consigue crear, en el interior, un ambiente acogedor y di\u00e1fano que porta confort a los ocupantes. Adem\u00e1s, existe otro techo panor\u00e1mico, aunque \u00e9ste fijo, en la parte trasera. En el interior, el Mercedes GLA ofrece <strong>un completo equipamiento<\/strong> y un sinf\u00edn de sistemas para garantizar la seguridad del conductor. \u00c9sta es la filosof\u00eda del Mercedes-Benz Intelligent Drive que incluye, entre otras tecnolog\u00edas, un mecanismo de de asistencia para alertar en caso de colisi\u00f3n.<\/p>\n<p style=\"text-align: justify;\">En las tripas del nuevo GLA, debajo del cap\u00f3, podemos encontrar uno de sus secretos mejor guardados, pues se ofrece con<strong> cinco de los motores m\u00e1s modernos de su categor\u00eda<\/strong>, equipados con un paquete de alta tecnolog\u00eda que incluye turbocompresor e inyecci\u00f3n directa de gasolina. Su tracci\u00f3n 4MATIC aumenta la seguridad de conducci\u00f3n sobre carreteras h\u00famedas, o sobre nieve y, por si fuera poco, esa distribuci\u00f3n de la fuerza entre el eje delantero y el eje trasero favorece una conducci\u00f3n m\u00e1s din\u00e1mica en las curvas.<\/p>\n<p style=\"text-align: justify;\">Deportivo, atractivo, potente y con un car\u00e1cter personal. As\u00ed es este nuevo GLA.<\/p>\n","protected":false},"excerpt":{"rendered":"<p>Se acab\u00f3 la espera. El primer SUV compacto de Mercedes-Benz ya est\u00e1 aqu\u00ed. L\u00edneas de dise\u00f1o con aire de coup\u00e9 se fusionan con un estilo id\u00f3neo para usar a diario.<\/p>\n","protected":false},"author":1,"featured_media":2364,"comment_status":"closed","ping_status":"open","sticky":false,"template":"","format":"standard","meta":{"footnotes":""},"categories":[8],"tags":[143,129],"class_list":["post-2363","post","type-post","status-publish","format-standard","has-post-thumbnail","hentry","category-lanzamientos","tag-mercedes","tag-suv"],"_links":{"self":[{"href":"https:\/\/www.sibuscascoche.com\/noticias\/wp-json\/wp\/v2\/posts\/2363","targetHints":{"allow":["GET"]}}],"collection":[{"href":"https:\/\/www.sibuscascoche.com\/noticias\/wp-json\/wp\/v2\/posts"}],"about":[{"href":"https:\/\/www.sibuscascoche.com\/noticias\/wp-json\/wp\/v2\/types\/post"}],"author":[{"embeddable":true,"href":"https:\/\/www.sibuscascoche.com\/noticias\/wp-json\/wp\/v2\/users\/1"}],"replies":[{"embeddable":true,"href":"https:\/\/www.sibuscascoche.com\/noticias\/wp-json\/wp\/v2\/comments?post=2363"}],"version-history":[{"count":3,"href":"https:\/\/www.sibuscascoche.com\/noticias\/wp-json\/wp\/v2\/posts\/2363\/revisions"}],"predecessor-version":[{"id":2368,"href":"https:\/\/www.sibuscascoche.com\/noticias\/wp-json\/wp\/v2\/posts\/2363\/revisions\/2368"}],"wp:featuredmedia":[{"embeddable":true,"href":"https:\/\/www.sibuscascoche.com\/noticias\/wp-json\/wp\/v2\/media\/2364"}],"wp:attachment":[{"href":"https:\/\/www.sibuscascoche.com\/noticias\/wp-json\/wp\/v2\/media?parent=2363"}],"wp:term":[{"taxonomy":"category","embeddable":true,"href":"https:\/\/www.sibuscascoche.com\/noticias\/wp-json\/wp\/v2\/categories?post=2363"},{"taxonomy":"post_tag","embeddable":true,"href":"https:\/\/www.sibuscascoche.com\/noticias\/wp-json\/wp\/v2\/tags?post=2363"}],"curies":[{"name":"wp","href":"https:\/\/api.w.org\/{rel}","templated":true}]}}