{"id":2347,"date":"2014-05-16T12:20:36","date_gmt":"2014-05-16T10:20:36","guid":{"rendered":"https:\/\/www.sibuscascoche.com\/noticias\/?p=2347"},"modified":"2014-05-16T14:15:05","modified_gmt":"2014-05-16T12:15:05","slug":"arrancan-los-motores-del-50o-rally-rias-baixas","status":"publish","type":"post","link":"https:\/\/www.sibuscascoche.com\/noticias\/2014\/arrancan-los-motores-del-50o-rally-rias-baixas\/","title":{"rendered":"Arrancan los motores del 50\u00ba Rally R\u00edas Baixas"},"content":{"rendered":"<p style=\"text-align: justify;\"><span style=\"line-height: 1.5em;\"><br \/>\nEl Rally R\u00edas Baixas se prepara para celebrar su <strong>cincuenta edici\u00f3n<\/strong>, que tendr\u00e1 a la <strong>ciudad de Vigo<\/strong> como punto de partida y fin del recorrido. Este a\u00f1o, esta ruta es la tercera prueba del Campeonato de Espa\u00f1a de Rallyes de Asfalto, que llega a la ciudad ol\u00edvica tras hacer sus respectivas escalas en Canarias y C\u00f3rdoba.<\/span><\/p>\n<p style=\"text-align: justify;\">La carrera mantiene el esquema habitual de competici\u00f3n a doble jornada (viernes y s\u00e1bado), siendo <strong>el d\u00eda 29 de mayo<\/strong> cuando los comisarios den el pistoletazo de salida de la prueba en la Puerta del Sol. Los veh\u00edculos comenzar\u00e1n el recorrido por las c\u00e9ntricas calles Policarpo Sanz, Col\u00f3n, Urz\u00e1iz, Gran V\u00eda, Plaza de Espa\u00f1a y Avenida de Madrid para dirigirse, finalmente,al primer cl\u00e1sico de la ruta: el <strong>Tramo de Chenlo &#8211; Morgad\u00e1ns<\/strong> que en esta edici\u00f3n del rally se disputar\u00e1 en <strong>sentido inverso<\/strong> al recorrido habitual de los \u00faltimos a\u00f1os. Esa es la principal novedad de esta prueba automovil\u00edstica, ya que este tramo inicial discurrir\u00e1 por las mismas carreteras que el hist\u00f3rico tramo de Chenlo. Un cambio que gustar\u00e1, sin duda, a aquellos veteranos que lleven muchas ediciones a sus espaldas. Con la incorporaci\u00f3n del municipio de Morgad\u00e1ns, \u00e9ste substituye al tramo del Monte de O Castro, de Vigo, que s\u00ed habia estado presente en los dos \u00faltimos a\u00f1os.<\/p>\n<p><a style=\"text-align: justify;\" href=\"https:\/\/www.sibuscascoche.com\/noticias\/wp-content\/uploads\/2014\/05\/rias-baixas-rally.jpg\"><img loading=\"lazy\" decoding=\"async\" class=\"alignright size-full wp-image-2359\" alt=\"rally r\u00edas baixas, coche ocasi\u00f3n\" src=\"https:\/\/www.sibuscascoche.com\/noticias\/wp-content\/uploads\/2014\/05\/rias-baixas-rally.jpg\" width=\"300\" height=\"200\" \/><\/a><\/p>\n<p style=\"text-align: justify;\">Despu\u00e9s de la pasada por Morgad\u00e1ns y Nigr\u00e1n, tendr\u00e1 lugar un reagrupamiento de los veh\u00edculos en la localidad de Gondomar para dar paso, seguidamente, a una parada en el Recinto Ferial de Vigo (IFEVI), donde estar\u00e1 instalado el parque de asistencias.<\/p>\n<p style=\"text-align: justify;\">En la etapa del s\u00e1bado, el rally se completar\u00e1 con la lucha de tres tramos:<strong> Fornelos, Ponteareas y As Neves<\/strong>.Y por si no fueran pocas novedades, esta edici\u00f3n recupera la celebraci\u00f3n del famoso <strong>Shakedown<\/strong>, aunque en esta ocasi\u00f3n el tramo modifica su emplazamiento y sustituye los montes de las parroquias de Beade y Bembrive por un tramo que transcurrir\u00e1 por una parte del recorrido de la especial de Nigr\u00e1n.<\/p>\n<p style=\"text-align: justify;\">Est\u00e1 previsto que las bodas de oro del Rally R\u00edas Baixas se caractericen por contar, como no pod\u00eda ser de otra forma, con uno de los mejores carteles en lo que a participaci\u00f3n se refiere. Prueba de ello es la presencia del cuatro veces campe\u00f3n de Espa\u00f1a y tres veces ganador del R\u00edas Baixas, <strong>Miguel Fuster<\/strong>, que ya <strong>ha confirmado a la organizaci\u00f3n que formar\u00e1 parte de esta prueba<\/strong>.<\/p>\n","protected":false},"excerpt":{"rendered":"<p>El Rally R\u00edas Baixas se prepara para celebrar su cincuenta edici\u00f3n, que tendr\u00e1 a la ciudad de Vigo como punto de partida y fin del recorrido. Este a\u00f1o, esta ruta<\/p>\n","protected":false},"author":1,"featured_media":2352,"comment_status":"closed","ping_status":"open","sticky":false,"template":"","format":"standard","meta":{"footnotes":""},"categories":[9],"tags":[57],"class_list":["post-2347","post","type-post","status-publish","format-standard","has-post-thumbnail","hentry","category-eventos","tag-rally"],"_links":{"self":[{"href":"https:\/\/www.sibuscascoche.com\/noticias\/wp-json\/wp\/v2\/posts\/2347","targetHints":{"allow":["GET"]}}],"collection":[{"href":"https:\/\/www.sibuscascoche.com\/noticias\/wp-json\/wp\/v2\/posts"}],"about":[{"href":"https:\/\/www.sibuscascoche.com\/noticias\/wp-json\/wp\/v2\/types\/post"}],"author":[{"embeddable":true,"href":"https:\/\/www.sibuscascoche.com\/noticias\/wp-json\/wp\/v2\/users\/1"}],"replies":[{"embeddable":true,"href":"https:\/\/www.sibuscascoche.com\/noticias\/wp-json\/wp\/v2\/comments?post=2347"}],"version-history":[{"count":10,"href":"https:\/\/www.sibuscascoche.com\/noticias\/wp-json\/wp\/v2\/posts\/2347\/revisions"}],"predecessor-version":[{"id":2362,"href":"https:\/\/www.sibuscascoche.com\/noticias\/wp-json\/wp\/v2\/posts\/2347\/revisions\/2362"}],"wp:featuredmedia":[{"embeddable":true,"href":"https:\/\/www.sibuscascoche.com\/noticias\/wp-json\/wp\/v2\/media\/2352"}],"wp:attachment":[{"href":"https:\/\/www.sibuscascoche.com\/noticias\/wp-json\/wp\/v2\/media?parent=2347"}],"wp:term":[{"taxonomy":"category","embeddable":true,"href":"https:\/\/www.sibuscascoche.com\/noticias\/wp-json\/wp\/v2\/categories?post=2347"},{"taxonomy":"post_tag","embeddable":true,"href":"https:\/\/www.sibuscascoche.com\/noticias\/wp-json\/wp\/v2\/tags?post=2347"}],"curies":[{"name":"wp","href":"https:\/\/api.w.org\/{rel}","templated":true}]}}