{"id":2313,"date":"2014-05-13T13:27:08","date_gmt":"2014-05-13T11:27:08","guid":{"rendered":"https:\/\/www.sibuscascoche.com\/noticias\/?p=2313"},"modified":"2014-05-13T13:27:08","modified_gmt":"2014-05-13T11:27:08","slug":"nueva-furgoneta-electrica-citroen-fabrica-vigo","status":"publish","type":"post","link":"https:\/\/www.sibuscascoche.com\/noticias\/2014\/nueva-furgoneta-electrica-citroen-fabrica-vigo\/","title":{"rendered":"La nueva furgoneta el\u00e9ctrica de Citro\u00ebn se fabrica en Vigo"},"content":{"rendered":"<p style=\"text-align: justify;\">Citro\u00ebn ha puesto por fin a la venta la nueva y esperada <b>furgoneta el\u00e9ctrica <\/b>del modelo <b>Berlingo<\/b> que, tal y como ha explicado la casa automovil\u00edstica francesa, ofrece los \u00faltimos avances tecnol\u00f3gicos.<\/p>\n<p style=\"text-align: justify;\"><b>Fabricada<\/b> en la planta PSA Peugeot Citro\u00ebn de<b> Vigo<\/b>, la nueva Berlingo <i>el\u00e9ctrica<\/i> cuenta con una <b>carga \u00fatil de 695 kil\u00f3gramos<\/b> y una <b>autonom\u00eda de 170 kil\u00f3metros<\/b>. A esto hay que a\u00f1adir que la empresa ha optado por mantener las caracter\u00edsticas de su versi\u00f3n de combusti\u00f3n, es decir, un volumen de carga de 3,7 metros c\u00fabicos y su ya mencionada capacidad de carga de hasta 700 kilogramos.<\/p>\n<p style=\"text-align: justify;\"><img loading=\"lazy\" decoding=\"async\" class=\"alignright size-full wp-image-2324\" alt=\"berlingo el\u00e9ctrica, coche segunda mano, coche ocasi\u00f3n\" src=\"https:\/\/www.sibuscascoche.com\/noticias\/wp-content\/uploads\/2014\/05\/citroen-berlingo-electrica.jpg\" width=\"300\" height=\"200\" \/>Medidas de carga y espacio posibles gracias a la <b>aerodin\u00e1mica del veh\u00edculo<\/b> para la que los dise\u00f1adores han creado una arquitectura m\u00f3vil que integra los distintos elementos de la cadena de tracci\u00f3n el\u00e9ctrica bajo la carrocer\u00eda y el cap\u00f3.<\/p>\n<p style=\"text-align: justify;\">Para el dise\u00f1o del <b>sistema de propulsi\u00f3n el\u00e9ctrico<\/b> de la nueva furgoneta el\u00e9ctrica Berlingo que ofrece una <b>potencia tope de 67 caballos y 170 kil\u00f3metros de combusti\u00f3n<\/b>, Citro\u00ebn ha contado con la <b>colaboraci\u00f3n<\/b> de la marca japonesa <b>Mitsubishi<\/b>.<\/p>\n<h5 style=\"text-align: justify;\"><b>Nueva Berlingo el\u00e9ctrica con dos modos de recarga<\/b><\/h5>\n<p style=\"text-align: justify;\">El nuevo veh\u00edculo comercial de la marca gala ofrece la posibilidad de elegir <b>dos modos de recarga, uno normal<\/b>, caracterizado por un tiempo que puede oscilar <b>entre las seis y las doce horas<\/b>, y uno <b>r\u00e1pido<\/b>, que <b>carga en 30 minutos el 80% de las bater\u00edas<\/b>.<\/p>\n<p style=\"text-align: justify;\">Si analizamos el paquete de elementos de equipamiento de la nueva Berlingo el\u00e9ctrica, \u00e9sta incorpora <i>ABS<\/i>, control de estabilidad, lunas ligeramente tintadas, preinstalaci\u00f3n de radio, adem\u00e1s de direcci\u00f3n asistida, puertas traseras batientes asim\u00e9tricas en chapa o Hill Assist.<\/p>\n<p style=\"text-align: justify;\">Con unas prestaciones que prometen, Citro\u00ebn saca al mercado espa\u00f1ol la nueva el\u00e9ctrica con un <b>precio que parte desde los 23.900 euros de la versi\u00f3n furg\u00f3n hasta alcanzar los 24.660 euros<\/b> de la variante larga del furg\u00f3n. Sin duda, la nueva Berlingo el\u00e9ctrica fabricada en Vigo, promete.<\/p>\n","protected":false},"excerpt":{"rendered":"<p>Citro\u00ebn ha puesto por fin a la venta la nueva y esperada furgoneta el\u00e9ctrica del modelo Berlingo que, tal y como ha explicado la casa automovil\u00edstica francesa, ofrece los \u00faltimos<\/p>\n","protected":false},"author":1,"featured_media":2322,"comment_status":"closed","ping_status":"open","sticky":false,"template":"","format":"standard","meta":{"footnotes":""},"categories":[1,10],"tags":[148,123],"class_list":["post-2313","post","type-post","status-publish","format-standard","has-post-thumbnail","hentry","category-actualidad","category-hibridos-electricos","tag-citroen","tag-vehiculo-electrico"],"_links":{"self":[{"href":"https:\/\/www.sibuscascoche.com\/noticias\/wp-json\/wp\/v2\/posts\/2313","targetHints":{"allow":["GET"]}}],"collection":[{"href":"https:\/\/www.sibuscascoche.com\/noticias\/wp-json\/wp\/v2\/posts"}],"about":[{"href":"https:\/\/www.sibuscascoche.com\/noticias\/wp-json\/wp\/v2\/types\/post"}],"author":[{"embeddable":true,"href":"https:\/\/www.sibuscascoche.com\/noticias\/wp-json\/wp\/v2\/users\/1"}],"replies":[{"embeddable":true,"href":"https:\/\/www.sibuscascoche.com\/noticias\/wp-json\/wp\/v2\/comments?post=2313"}],"version-history":[{"count":7,"href":"https:\/\/www.sibuscascoche.com\/noticias\/wp-json\/wp\/v2\/posts\/2313\/revisions"}],"predecessor-version":[{"id":2325,"href":"https:\/\/www.sibuscascoche.com\/noticias\/wp-json\/wp\/v2\/posts\/2313\/revisions\/2325"}],"wp:featuredmedia":[{"embeddable":true,"href":"https:\/\/www.sibuscascoche.com\/noticias\/wp-json\/wp\/v2\/media\/2322"}],"wp:attachment":[{"href":"https:\/\/www.sibuscascoche.com\/noticias\/wp-json\/wp\/v2\/media?parent=2313"}],"wp:term":[{"taxonomy":"category","embeddable":true,"href":"https:\/\/www.sibuscascoche.com\/noticias\/wp-json\/wp\/v2\/categories?post=2313"},{"taxonomy":"post_tag","embeddable":true,"href":"https:\/\/www.sibuscascoche.com\/noticias\/wp-json\/wp\/v2\/tags?post=2313"}],"curies":[{"name":"wp","href":"https:\/\/api.w.org\/{rel}","templated":true}]}}