{"id":2296,"date":"2014-05-12T12:50:18","date_gmt":"2014-05-12T10:50:18","guid":{"rendered":"https:\/\/www.sibuscascoche.com\/noticias\/?p=2296"},"modified":"2015-02-02T10:09:22","modified_gmt":"2015-02-02T09:09:22","slug":"mercado-automovilistico-espanol-matriculara-807-000-nuevos-vehiculos-este-ano","status":"publish","type":"post","link":"https:\/\/www.sibuscascoche.com\/noticias\/2014\/mercado-automovilistico-espanol-matriculara-807-000-nuevos-vehiculos-este-ano\/","title":{"rendered":"El mercado automovil\u00edstico espa\u00f1ol matricular\u00e1 807.000 nuevos veh\u00edculos este a\u00f1o"},"content":{"rendered":"<p style=\"text-align: justify;\">El mercado del autom\u00f3vil en Espa\u00f1a finalizar\u00e1 2014 con 807.000 matriculaciones nuevas, lo que representa un aumento del 11,6% si lo comparamos con las cifras del a\u00f1o anterior. Estos datos, ofrecidos por la consultora MSI y Faconauto (Federaci\u00f3n de Asociaciones de Concesionarios de la Automoci\u00f3n), concluyen igualmente que ser\u00e1 este a\u00f1o cuando se note un crecimiento mayor en el canal de alquiler con unas cifras que rondan las 156.000 unidades. Un 17% superior al balance de 2013.<\/p>\n<p style=\"text-align: justify;\"><img loading=\"lazy\" decoding=\"async\" class=\"alignright size-full wp-image-3898\" alt=\"coches ocasi\u00f3n, coches ocasi\u00f3n Galicia\" src=\"https:\/\/www.sibuscascoche.com\/noticias\/wp-content\/uploads\/2014\/05\/SBC_nuevas-matriculas-coches-ocasion_2.jpg\" width=\"300\" height=\"200\" \/><\/p>\n<p style=\"text-align: justify;\">Si analizamos los datos referentes a las matriculaciones realizadas por particulares las previsiones de crecimiento son del 9%, lo que se traduce en 445.000 veh\u00edculos vendidos frente a las 205.000 unidades que el sector empresarial prev\u00e9 vender. En total, y en este nicho de mercado, hablamos de un 13% m\u00e1s respecto al a\u00f1o pasado.<\/p>\n<p style=\"text-align: justify;\"><strong>\u00bfRenovaci\u00f3n del Plan PIVE?<\/strong><\/p>\n<p style=\"text-align: justify;\">Jos\u00e9 Armenteros, consejero delegado de MSI, expuso durante el XXVII Club de Previsi\u00f3n de Automoci\u00f3n que se celebr\u00f3 recientemente en Madrid, que la consultora no contempla, a d\u00eda de hoy, la renovaci\u00f3n del Programa de Incentivos al Veh\u00edculo Eficiente, conocido como Plan PIVE.<\/p>\n<p style=\"text-align: justify;\">Armenteros se\u00f1al\u00f3, no obstante, que una posible prorrogaci\u00f3n de este Plan traer\u00eda consigo un aumento de 20.000 matriculaciones nuevas si hablamos de particulares; si abord\u00e1ramos el nicho de veh\u00edculos comerciales ligeros las cifras rondar\u00edan los 107.823 veh\u00edculos, un 26,8% m\u00e1s; y en cuanto a la venta de veh\u00edculos de ocasi\u00f3n la consultora MSI prev\u00e9 que se comercialicen 1,5 millones de unidades de este tipo de autom\u00f3viles. Es decir, un incremento del 9,3% que se traduce en una proporci\u00f3n de casi dos coches usados vendidos por cada nuevo.<\/p>\n<p style=\"text-align: justify;\">Con todo ello, y a pesar del delicado momento que ha sufrido el sector del veh\u00edculo en Espa\u00f1a, las previsiones hacen pensar que hay algo de luz tras el t\u00fanel.<\/p>\n","protected":false},"excerpt":{"rendered":"<p>El mercado del autom\u00f3vil en Espa\u00f1a finalizar\u00e1 2014 con 807.000 matriculaciones nuevas, lo que representa un aumento del 11,6% si lo comparamos con las cifras del a\u00f1o anterior. Estos datos,<\/p>\n","protected":false},"author":1,"featured_media":3897,"comment_status":"closed","ping_status":"open","sticky":false,"template":"","format":"standard","meta":{"footnotes":""},"categories":[1],"tags":[189,188],"class_list":["post-2296","post","type-post","status-publish","format-standard","has-post-thumbnail","hentry","category-actualidad","tag-faconauto","tag-matriculacion"],"_links":{"self":[{"href":"https:\/\/www.sibuscascoche.com\/noticias\/wp-json\/wp\/v2\/posts\/2296","targetHints":{"allow":["GET"]}}],"collection":[{"href":"https:\/\/www.sibuscascoche.com\/noticias\/wp-json\/wp\/v2\/posts"}],"about":[{"href":"https:\/\/www.sibuscascoche.com\/noticias\/wp-json\/wp\/v2\/types\/post"}],"author":[{"embeddable":true,"href":"https:\/\/www.sibuscascoche.com\/noticias\/wp-json\/wp\/v2\/users\/1"}],"replies":[{"embeddable":true,"href":"https:\/\/www.sibuscascoche.com\/noticias\/wp-json\/wp\/v2\/comments?post=2296"}],"version-history":[{"count":6,"href":"https:\/\/www.sibuscascoche.com\/noticias\/wp-json\/wp\/v2\/posts\/2296\/revisions"}],"predecessor-version":[{"id":3900,"href":"https:\/\/www.sibuscascoche.com\/noticias\/wp-json\/wp\/v2\/posts\/2296\/revisions\/3900"}],"wp:featuredmedia":[{"embeddable":true,"href":"https:\/\/www.sibuscascoche.com\/noticias\/wp-json\/wp\/v2\/media\/3897"}],"wp:attachment":[{"href":"https:\/\/www.sibuscascoche.com\/noticias\/wp-json\/wp\/v2\/media?parent=2296"}],"wp:term":[{"taxonomy":"category","embeddable":true,"href":"https:\/\/www.sibuscascoche.com\/noticias\/wp-json\/wp\/v2\/categories?post=2296"},{"taxonomy":"post_tag","embeddable":true,"href":"https:\/\/www.sibuscascoche.com\/noticias\/wp-json\/wp\/v2\/tags?post=2296"}],"curies":[{"name":"wp","href":"https:\/\/api.w.org\/{rel}","templated":true}]}}