{"id":2201,"date":"2014-05-02T13:07:55","date_gmt":"2014-05-02T11:07:55","guid":{"rendered":"https:\/\/www.sibuscascoche.com\/noticias\/?p=2201"},"modified":"2015-06-23T13:53:43","modified_gmt":"2015-06-23T11:53:43","slug":"fiat-500-media-markt","status":"publish","type":"post","link":"https:\/\/www.sibuscascoche.com\/noticias\/2014\/fiat-500-media-markt\/","title":{"rendered":"El Fiat 500 ahora en Media Markt"},"content":{"rendered":"<p>Si piensas que en Media Markt se han vuelto locos, te equivocas. Desde el pasado 30 de abril y hasta el 7 de mayo puedes hacerte con un <strong><a href=\"https:\/\/www.sibuscascoche.com\/noticias\/2013\/fiat-500e-electrico-asequible\/\" target=\"_blank\">Fiat 500<\/a><\/strong> en esta famosa cadena gracias a una promoci\u00f3n incre\u00edble. <strong>Si buscas un coche peque\u00f1o pero urbano, esta es tu oportunidad<\/strong>. \u00bfSu precio? 7.999 euros con plan PIVE incluido.<\/p>\n<p>El Fiat500 incorpora un motor de 69 CV. Adem\u00e1s equipa de serie: aire acondicionado con filtro antipolen, cierre centralizado, asistente a la frenada de emergencia (BAS), direcci\u00f3n asistida con sistema Dual drive, asientos traseros abatibles 50\/50 con reposacabezas, elevalunas el\u00e9ctricos delanteros + cierre centralizado, 7 airbags, radio CD con Mp3 + 6 altavoces, rueda de repuesto 135\/80 R14\u201d, toma de corriente 12V, paragolpes y solo est\u00e1 disponible en color \u201cRojo Passione\u201d. Un coche perfecto para tus andaduras por la ciudad y bastante completo.<\/p>\n<p><img loading=\"lazy\" decoding=\"async\" class=\"size-medium wp-image-2204 alignright\" title=\"Fiat 500 en Media Markt\" alt=\"\" src=\"https:\/\/www.sibuscascoche.com\/noticias\/wp-content\/uploads\/2014\/05\/interior2-media-markt-fiat500-300x169.jpg\" width=\"300\" height=\"169\" srcset=\"https:\/\/www.sibuscascoche.com\/noticias\/wp-content\/uploads\/2014\/05\/interior2-media-markt-fiat500-300x169.jpg 300w, https:\/\/www.sibuscascoche.com\/noticias\/wp-content\/uploads\/2014\/05\/interior2-media-markt-fiat500.jpg 355w\" sizes=\"auto, (max-width: 300px) 100vw, 300px\" \/><span style=\"line-height: 1.5em;\">Media Markt ha escogido el m\u00edtico <strong><a href=\"https:\/\/www.sibuscascoche.com\/noticias\/2014\/fiat-500-cult\/\" target=\"_blank\">Fiat 500<\/a><\/strong>, l\u00edder en su segmento durante 6 a\u00f1os consecutivos junto al Fia<\/span><span style=\"line-height: 1.5em;\">t Panda, al ser un coche tecnol\u00f3gicamente avanzado, de dise\u00f1o especial, consumo\u00a0<\/span><span style=\"line-height: 1.5em;\">y emiciones de CO2 bajos, lo que se traduce en u<\/span><span style=\"line-height: 1.5em;\">n ahorro para el cliente.<\/span><\/p>\n<p>\u00bfC\u00f3mo puedes hacerte con \u00e9l? Muy f\u00e1cil. Ac\u00e9rcate a tu Media Markt m\u00e1s cercano donde te har\u00e1n entrega de un bono nominativo e intransferible para canjear en los concesionarios oficiales de Fiat, del 30 de abril al 10 de mayo.<\/p>\n<p>\u00bfQu\u00e9 te parece esta oferta? \u00bfTe har\u00e1s con el Fiat 500?<\/p>\n","protected":false},"excerpt":{"rendered":"<p>Si piensas que en Media Markt se han vuelto locos, te equivocas. Desde el pasado 30 de abril y hasta el 7 de mayo puedes hacerte con un Fiat 500<\/p>\n","protected":false},"author":6,"featured_media":2203,"comment_status":"closed","ping_status":"open","sticky":false,"template":"","format":"standard","meta":{"footnotes":""},"categories":[1],"tags":[126,181],"class_list":["post-2201","post","type-post","status-publish","format-standard","has-post-thumbnail","hentry","category-actualidad","tag-fiat","tag-fiat-500"],"_links":{"self":[{"href":"https:\/\/www.sibuscascoche.com\/noticias\/wp-json\/wp\/v2\/posts\/2201","targetHints":{"allow":["GET"]}}],"collection":[{"href":"https:\/\/www.sibuscascoche.com\/noticias\/wp-json\/wp\/v2\/posts"}],"about":[{"href":"https:\/\/www.sibuscascoche.com\/noticias\/wp-json\/wp\/v2\/types\/post"}],"author":[{"embeddable":true,"href":"https:\/\/www.sibuscascoche.com\/noticias\/wp-json\/wp\/v2\/users\/6"}],"replies":[{"embeddable":true,"href":"https:\/\/www.sibuscascoche.com\/noticias\/wp-json\/wp\/v2\/comments?post=2201"}],"version-history":[{"count":10,"href":"https:\/\/www.sibuscascoche.com\/noticias\/wp-json\/wp\/v2\/posts\/2201\/revisions"}],"predecessor-version":[{"id":5720,"href":"https:\/\/www.sibuscascoche.com\/noticias\/wp-json\/wp\/v2\/posts\/2201\/revisions\/5720"}],"wp:featuredmedia":[{"embeddable":true,"href":"https:\/\/www.sibuscascoche.com\/noticias\/wp-json\/wp\/v2\/media\/2203"}],"wp:attachment":[{"href":"https:\/\/www.sibuscascoche.com\/noticias\/wp-json\/wp\/v2\/media?parent=2201"}],"wp:term":[{"taxonomy":"category","embeddable":true,"href":"https:\/\/www.sibuscascoche.com\/noticias\/wp-json\/wp\/v2\/categories?post=2201"},{"taxonomy":"post_tag","embeddable":true,"href":"https:\/\/www.sibuscascoche.com\/noticias\/wp-json\/wp\/v2\/tags?post=2201"}],"curies":[{"name":"wp","href":"https:\/\/api.w.org\/{rel}","templated":true}]}}