{"id":2169,"date":"2014-04-24T17:02:13","date_gmt":"2014-04-24T15:02:13","guid":{"rendered":"https:\/\/www.sibuscascoche.com\/noticias\/?p=2169"},"modified":"2014-04-24T17:02:13","modified_gmt":"2014-04-24T15:02:13","slug":"renault-moderniza-scenic","status":"publish","type":"post","link":"https:\/\/www.sibuscascoche.com\/noticias\/2014\/renault-moderniza-scenic\/","title":{"rendered":"Renault moderniza el cl\u00e1sico Sc\u00e9nic"},"content":{"rendered":"<p style=\"text-align: justify;\">Lejos queda ya aquella primera versi\u00f3n del Sc\u00e9nic integrada dentro de la familia M\u00e9gane y que tuvo un \u00e9xito de ventas considerable. Precisamente gracias al n\u00famero de veh\u00edculos que se vendieron pas\u00f3 a formar parte de una gama independiente con dos carrocer\u00edas diferentes: el Sc\u00e9nic y el Grand Sc\u00e9nic.<\/p>\n<p style=\"text-align: justify;\">Ahora <strong>tenemos ya por fin en el mercado la tercera generaci\u00f3n de este monovolumen<\/strong>. Una versi\u00f3n que ofrece hasta cinco motores y en donde no falta un motor turboalimentado de gasolina TCe de 130 CV, al que se suma un 1.6 de 110 CV y un 2.0 de 140. Los motores di\u00e9sel son cinco dCi cuyas potencias van desde los 95 a los 150 CV.<\/p>\n<p><img loading=\"lazy\" decoding=\"async\" class=\"size-full wp-image-2173 alignleft\" style=\"text-align: justify;\" alt=\"Renault Sc\u00e9nic segunda mano \" src=\"https:\/\/www.sibuscascoche.com\/noticias\/wp-content\/uploads\/2014\/04\/interior-scenic.png\" width=\"311\" height=\"210\" srcset=\"https:\/\/www.sibuscascoche.com\/noticias\/wp-content\/uploads\/2014\/04\/interior-scenic.png 311w, https:\/\/www.sibuscascoche.com\/noticias\/wp-content\/uploads\/2014\/04\/interior-scenic-300x202.png 300w\" sizes=\"auto, (max-width: 311px) 100vw, 311px\" \/><\/p>\n<p style=\"text-align: justify;\"><span style=\"line-height: 1.5em;\">Fue en marzo del 2012 cuando Renault llev\u00f3 a cabo diferentes cambios con respecto a la tercera generaci\u00f3n del 2009 tanto en el exterior como en el interior, gama de motores y equipamiento del Grand Sc\u00e9nic. Entre ellos un dispositivo de alerta por cambio involuntario de carril, cambio autom\u00e1tico de luces cortas a largas, ayuda de arranque en pendientes y diodos luminosos en el paragolpes que sirven como luces de marcha diurna.<\/span><\/p>\n<p style=\"text-align: justify;\">Dentro de las mejoras presentadas hay que reconocer que <strong>el motor di\u00e9sel de 110 CV y de 1,5 litros de cilindrada consume casi un litro menos que su antecesor<\/strong>. Asimismo se ha conseguido un magn\u00edfico equilibrio entre comodidad y firmeza en la suspensi\u00f3n y muy buena insonorizaci\u00f3n.<\/p>\n<p style=\"text-align: justify;\">Los cambios introducidos han tenido que ver principalmente con la est\u00e9tica, la mec\u00e1nica, el equipamiento de a bordo y la tecnolog\u00eda. Ahora presenta un <strong>toque moderno y diferente en el frontal con la nueva iluminaci\u00f3n diurna LED<\/strong>, emisiones de CO2 desde 105 g\/km y una serie de novedades tecnol\u00f3gicas que os detallamos a continuaci\u00f3n.<\/p>\n<p style=\"text-align: justify;\">Cuenta con un sistema Visio System que combina detecci\u00f3n de cambio de carril y encendido y apagado autom\u00e1tico de luz de carretera y luz de cruce para evitar deslumbrar al resto de conductores, control de arranque en pendiente, equipo de sonido Bose y sistema de navegaci\u00f3n Carminat Tom Tom.<\/p>\n<p style=\"text-align: justify;\">Desde el punto de vista del equipamiento podemos mencionar sus airbags delanteros de cabeza y laterales, control de estabilidad\/tracci\u00f3n, direcci\u00f3n asistida variable, regulador\/limitador de velocidad, ordenador de viaje, aire acondicionado, retrovisores el\u00e9ctricos, conexi\u00f3n Bluetooth y radio CD MP3 con Plug &amp; Music.<\/p>\n<p style=\"text-align: justify;\">Como pod\u00e9is comprobar, <strong>un lavado de cara superficial que ha afectado al frontal y otros detalles con el fin de que este monovolumen siga resultando competitivo<\/strong>. Los precios van desde los 19.500 euros del Sc\u00e9nic a los 21.700 euros del Grand Sc\u00e9nic.<\/p>\n","protected":false},"excerpt":{"rendered":"<p>Lejos queda ya aquella primera versi\u00f3n del Sc\u00e9nic integrada dentro de la familia M\u00e9gane y que tuvo un \u00e9xito de ventas considerable. Precisamente gracias al n\u00famero de veh\u00edculos que se<\/p>\n","protected":false},"author":1,"featured_media":2172,"comment_status":"closed","ping_status":"open","sticky":false,"template":"","format":"standard","meta":{"footnotes":""},"categories":[1],"tags":[116],"class_list":["post-2169","post","type-post","status-publish","format-standard","has-post-thumbnail","hentry","category-actualidad","tag-monovolumen"],"_links":{"self":[{"href":"https:\/\/www.sibuscascoche.com\/noticias\/wp-json\/wp\/v2\/posts\/2169","targetHints":{"allow":["GET"]}}],"collection":[{"href":"https:\/\/www.sibuscascoche.com\/noticias\/wp-json\/wp\/v2\/posts"}],"about":[{"href":"https:\/\/www.sibuscascoche.com\/noticias\/wp-json\/wp\/v2\/types\/post"}],"author":[{"embeddable":true,"href":"https:\/\/www.sibuscascoche.com\/noticias\/wp-json\/wp\/v2\/users\/1"}],"replies":[{"embeddable":true,"href":"https:\/\/www.sibuscascoche.com\/noticias\/wp-json\/wp\/v2\/comments?post=2169"}],"version-history":[{"count":6,"href":"https:\/\/www.sibuscascoche.com\/noticias\/wp-json\/wp\/v2\/posts\/2169\/revisions"}],"predecessor-version":[{"id":2177,"href":"https:\/\/www.sibuscascoche.com\/noticias\/wp-json\/wp\/v2\/posts\/2169\/revisions\/2177"}],"wp:featuredmedia":[{"embeddable":true,"href":"https:\/\/www.sibuscascoche.com\/noticias\/wp-json\/wp\/v2\/media\/2172"}],"wp:attachment":[{"href":"https:\/\/www.sibuscascoche.com\/noticias\/wp-json\/wp\/v2\/media?parent=2169"}],"wp:term":[{"taxonomy":"category","embeddable":true,"href":"https:\/\/www.sibuscascoche.com\/noticias\/wp-json\/wp\/v2\/categories?post=2169"},{"taxonomy":"post_tag","embeddable":true,"href":"https:\/\/www.sibuscascoche.com\/noticias\/wp-json\/wp\/v2\/tags?post=2169"}],"curies":[{"name":"wp","href":"https:\/\/api.w.org\/{rel}","templated":true}]}}