{"id":2150,"date":"2014-04-23T18:04:26","date_gmt":"2014-04-23T16:04:26","guid":{"rendered":"https:\/\/www.sibuscascoche.com\/noticias\/?p=2150"},"modified":"2015-06-23T13:11:49","modified_gmt":"2015-06-23T11:11:49","slug":"salon-automovil-vigo","status":"publish","type":"post","link":"https:\/\/www.sibuscascoche.com\/noticias\/2014\/salon-automovil-vigo\/","title":{"rendered":"Sal\u00f3n del Autom\u00f3vil de Vigo \u00a1No puedes faltar!"},"content":{"rendered":"<p style=\"text-align: justify;\">Ya est\u00e1 en marcha la <strong>XXIII edici\u00f3n del Sal\u00f3n del Autom\u00f3vil de Vigo<\/strong>, que este a\u00f1o disfrutaremos entre el 26 de abril y el 4 de mayo. Las mejores marcas de coches se reunir\u00e1n en el recinto ferial Ifevi para mostrarnos las \u00faltimas novedades del mercado.<\/p>\n<p style=\"text-align: justify;\"><img loading=\"lazy\" decoding=\"async\" class=\"alignright  wp-image-2153\" alt=\"sal\u00f3n autom\u00f3vil vigo, coche ocasi\u00f3n, coche km0\" src=\"https:\/\/www.sibuscascoche.com\/noticias\/wp-content\/uploads\/2014\/04\/coche-ocasion-vigo.jpg\" width=\"300\" height=\"225\" \/>Esta enorme exposici\u00f3n de veh\u00edculos de todo tipo se realizar\u00e1 en los pabellones 1 y 2, donde,\u00a0<span style=\"color: #0071b9;\"><a href=\"https:\/\/www.sibuscascoche.com\/ofertas-del-mes\" target=\"_blank\"><span style=\"color: #0071b9;\">Sibuscascoche.com expone sus ofertas del mes<\/span><\/a><\/span>, junto a otras empresas del sector reunir\u00e1n veh\u00edculos de 30 marcas distintas. Podremos ver coches para todos los gustos, el nuevo Peugeot 208 SW, el BMW Serie 4, el Jeep Cherokee o el Porsche Macan, por ejemplo, son algunos de los invitados estrella.<\/p>\n<p style=\"text-align: justify;\">Como novedad, este sal\u00f3n nos trae tambi\u00e9n un espacio dedicado a los veh\u00edculos cl\u00e1sicos (Retro Sal\u00f3n) donde deportivos como el Renault 5 Maxi Turbo o el Lancia Stratos se unir\u00e1n a coches emblem\u00e1ticos como el Citro\u00ebn 11 ligero o el Seat 600.<\/p>\n<p style=\"text-align: justify;\">Adem\u00e1s, el d\u00eda 3 de mayo, podremos disfrutar de una concentraci\u00f3n de <span style=\"color: #0071b9;\"><a href=\"http:\/\/www.porsche.com\/spain\/\" target=\"_blank\" rel=\"noopener\"><span style=\"color: #0071b9;\">Porsche<\/span><\/a><\/span>. Recuerda tambi\u00e9n que, como cada a\u00f1o, para los aficionados o profesionales del \u2018slot\u2019 o Scalextric el sal\u00f3n preparar\u00e1 pistas con actividades para todas las edades.<\/p>\n<p style=\"text-align: justify;\">Desde Sibuscascoche.com te invitamos a visitarnos en esta cita imprescindible, estamos seguros de que si eres un fan\u00e1tico de los coches pasar\u00e1s una buena tarde entre nuevos lanzamientos, pistas de Scalextric, coches cl\u00e1sicos y deportivos de infarto. \u00a1Te esperamos en el Sal\u00f3n del Autom\u00f3vil de Vigo!<\/p>\n<p>&nbsp;<\/p>\n","protected":false},"excerpt":{"rendered":"<p>Ya est\u00e1 en marcha la XXIII edici\u00f3n del Sal\u00f3n del Autom\u00f3vil de Vigo, que este a\u00f1o disfrutaremos entre el 26 de abril y el 4 de mayo. Las mejores marcas<\/p>\n","protected":false},"author":1,"featured_media":2152,"comment_status":"closed","ping_status":"open","sticky":false,"template":"","format":"standard","meta":{"footnotes":""},"categories":[1,9],"tags":[183],"class_list":["post-2150","post","type-post","status-publish","format-standard","has-post-thumbnail","hentry","category-actualidad","category-eventos","tag-salon-del-automovil"],"_links":{"self":[{"href":"https:\/\/www.sibuscascoche.com\/noticias\/wp-json\/wp\/v2\/posts\/2150","targetHints":{"allow":["GET"]}}],"collection":[{"href":"https:\/\/www.sibuscascoche.com\/noticias\/wp-json\/wp\/v2\/posts"}],"about":[{"href":"https:\/\/www.sibuscascoche.com\/noticias\/wp-json\/wp\/v2\/types\/post"}],"author":[{"embeddable":true,"href":"https:\/\/www.sibuscascoche.com\/noticias\/wp-json\/wp\/v2\/users\/1"}],"replies":[{"embeddable":true,"href":"https:\/\/www.sibuscascoche.com\/noticias\/wp-json\/wp\/v2\/comments?post=2150"}],"version-history":[{"count":6,"href":"https:\/\/www.sibuscascoche.com\/noticias\/wp-json\/wp\/v2\/posts\/2150\/revisions"}],"predecessor-version":[{"id":5712,"href":"https:\/\/www.sibuscascoche.com\/noticias\/wp-json\/wp\/v2\/posts\/2150\/revisions\/5712"}],"wp:featuredmedia":[{"embeddable":true,"href":"https:\/\/www.sibuscascoche.com\/noticias\/wp-json\/wp\/v2\/media\/2152"}],"wp:attachment":[{"href":"https:\/\/www.sibuscascoche.com\/noticias\/wp-json\/wp\/v2\/media?parent=2150"}],"wp:term":[{"taxonomy":"category","embeddable":true,"href":"https:\/\/www.sibuscascoche.com\/noticias\/wp-json\/wp\/v2\/categories?post=2150"},{"taxonomy":"post_tag","embeddable":true,"href":"https:\/\/www.sibuscascoche.com\/noticias\/wp-json\/wp\/v2\/tags?post=2150"}],"curies":[{"name":"wp","href":"https:\/\/api.w.org\/{rel}","templated":true}]}}