{"id":2140,"date":"2014-04-22T10:57:08","date_gmt":"2014-04-22T08:57:08","guid":{"rendered":"https:\/\/www.sibuscascoche.com\/noticias\/?p=2140"},"modified":"2014-04-22T11:01:51","modified_gmt":"2014-04-22T09:01:51","slug":"audi-a3-mejor-coche-mundo-segmento","status":"publish","type":"post","link":"https:\/\/www.sibuscascoche.com\/noticias\/2014\/audi-a3-mejor-coche-mundo-segmento\/","title":{"rendered":"El Audi A3 es ya el mejor coche del mundo en su segmento"},"content":{"rendered":"<p style=\"text-align: justify;\">La marca de los cuatro aros sigue sumando reconocimientos, esta vez, ha sido su compacto Premium A3 el que se ha alzado con el t\u00edtulo de Coche Mundial del A\u00f1o 2014. La primera edici\u00f3n de este galard\u00f3n se celebraba en 2005 y en este a\u00f1o era el A6 el que se hac\u00eda con el t\u00edtulo, 9 a\u00f1os despu\u00e9s, Audi vuelve a ser reconocida internacionalmente.<\/p>\n<p style=\"text-align: justify;\"><img loading=\"lazy\" decoding=\"async\" class=\"alignright size-full wp-image-2144\" alt=\"audi a3, coche segunda mano\" src=\"https:\/\/www.sibuscascoche.com\/noticias\/wp-content\/uploads\/2014\/04\/audi-a3-km0-barato.jpg\" width=\"300\" height=\"200\" \/>El Audi A3 ya era todo un best-seller en su segmento, pero en este desaf\u00edo se ha enfrentado a 23 veh\u00edculos, present\u00e1ndose ante un jurado de 69 periodistas de 22 pa\u00edses distintos y lo ha superado con creces. El presidente de Audi AG ha declarado que se encuentran muy satisfechos con los aspectos de fabricaci\u00f3n de su modelo A3 y que toda la compa\u00f1\u00eda celebra ya el premio.<\/p>\n<p style=\"text-align: justify;\">Las posibilidades del modelo Audi A3 son m\u00faltiples, est\u00e1 disponible en versiones <span style=\"color: #006cb6;\"><a title=\"Audi A3 Sportback: La versi\u00f3n mejorada del Audi A3\" href=\"https:\/\/www.sibuscascoche.com\/noticias\/2013\/audi-a3-sportback-version-mejorada-audi-a3\/\"><span style=\"color: #006cb6;\">Sportback<\/span><\/a><\/span>, <a title=\"Audi A3 Cabrio, deportividad y elegancia extrema\" href=\"https:\/\/www.sibuscascoche.com\/noticias\/2014\/audi-a3-cabrio-deportividad-y-elegancia-extrema\/\"><span style=\"color: #006cb6;\">Cabrio<\/span> <\/a>y <span style=\"color: #006cb6;\"><a title=\"El A3 Sed\u00e1n viene con edici\u00f3n especial\" href=\"https:\/\/www.sibuscascoche.com\/noticias\/2013\/a3-sedan-edicion-especial-lanzamiento\/\"><span style=\"color: #006cb6;\">Sed\u00e1n<\/span><\/a><\/span>, cuenta con una amplia gama de motores, tanto gasolina como di\u00e9sel y pr\u00f3ximamente saldr\u00e1n al mercado la versi\u00f3n de gas natural y la versi\u00f3n el\u00e9ctrica, el g-tron y el e-tron.<\/p>\n<p style=\"text-align: justify;\">Con este premio, Audi ya suma siete reconocimientos mundiales, adem\u00e1s de los conseguidos por el A6 y el A3, sus modelos RS 4, R8 y V10 eran nombrados mejor deportivo mundial y el Audi TT y el R8 fueron premiados por su dise\u00f1o. Est\u00e1 claro que la casa alemana no se conforma y continua buscando la innovaci\u00f3n y mejora de cada uno de los modelos que saca al mercado.<\/p>\n","protected":false},"excerpt":{"rendered":"<p>La marca de los cuatro aros sigue sumando reconocimientos, esta vez, ha sido su compacto Premium A3 el que se ha alzado con el t\u00edtulo de Coche Mundial del A\u00f1o<\/p>\n","protected":false},"author":1,"featured_media":2143,"comment_status":"closed","ping_status":"open","sticky":false,"template":"","format":"standard","meta":{"footnotes":""},"categories":[1],"tags":[18],"class_list":["post-2140","post","type-post","status-publish","format-standard","has-post-thumbnail","hentry","category-actualidad","tag-audi"],"_links":{"self":[{"href":"https:\/\/www.sibuscascoche.com\/noticias\/wp-json\/wp\/v2\/posts\/2140","targetHints":{"allow":["GET"]}}],"collection":[{"href":"https:\/\/www.sibuscascoche.com\/noticias\/wp-json\/wp\/v2\/posts"}],"about":[{"href":"https:\/\/www.sibuscascoche.com\/noticias\/wp-json\/wp\/v2\/types\/post"}],"author":[{"embeddable":true,"href":"https:\/\/www.sibuscascoche.com\/noticias\/wp-json\/wp\/v2\/users\/1"}],"replies":[{"embeddable":true,"href":"https:\/\/www.sibuscascoche.com\/noticias\/wp-json\/wp\/v2\/comments?post=2140"}],"version-history":[{"count":7,"href":"https:\/\/www.sibuscascoche.com\/noticias\/wp-json\/wp\/v2\/posts\/2140\/revisions"}],"predecessor-version":[{"id":2148,"href":"https:\/\/www.sibuscascoche.com\/noticias\/wp-json\/wp\/v2\/posts\/2140\/revisions\/2148"}],"wp:featuredmedia":[{"embeddable":true,"href":"https:\/\/www.sibuscascoche.com\/noticias\/wp-json\/wp\/v2\/media\/2143"}],"wp:attachment":[{"href":"https:\/\/www.sibuscascoche.com\/noticias\/wp-json\/wp\/v2\/media?parent=2140"}],"wp:term":[{"taxonomy":"category","embeddable":true,"href":"https:\/\/www.sibuscascoche.com\/noticias\/wp-json\/wp\/v2\/categories?post=2140"},{"taxonomy":"post_tag","embeddable":true,"href":"https:\/\/www.sibuscascoche.com\/noticias\/wp-json\/wp\/v2\/tags?post=2140"}],"curies":[{"name":"wp","href":"https:\/\/api.w.org\/{rel}","templated":true}]}}