{"id":2112,"date":"2014-04-13T11:35:57","date_gmt":"2014-04-13T09:35:57","guid":{"rendered":"https:\/\/www.sibuscascoche.com\/noticias\/?p=2112"},"modified":"2014-04-15T12:31:41","modified_gmt":"2014-04-15T10:31:41","slug":"mini-paceman-mundial-brasil","status":"publish","type":"post","link":"https:\/\/www.sibuscascoche.com\/noticias\/2014\/mini-paceman-mundial-brasil\/","title":{"rendered":"Mini Paceman, la imagen del mundial de Brasil"},"content":{"rendered":"<p style=\"text-align: justify;\">El <b>Mini Paceman <\/b>es el s\u00e9ptimo modelo lanzado por BMW perteneciente a la familia Mini. Un veh\u00edculo de tres puertas cuyas dimensiones son de 4,11 metros de largo, 1,79 metros de ancho y 1,52 metros de altura y que sali\u00f3 al mercado en abril de 2013.<\/p>\n<h5 style=\"text-align: justify;\"><b>Potencia y motor<\/b><\/h5>\n<p style=\"text-align: justify;\">Este autom\u00f3vil de BMW cuenta con <b>dos motores de di\u00e9sel y tres de gasolina<\/b>. Los de di\u00e9sel tienen una potencia de 112 y 143 CV y los de gasolina de 122, 184 y 218 CV. Todas las versiones han sido dotadas de cajas de cambios manuales de seis velocidades de serie y con posibilidad de incorporan tracci\u00f3n a las cuatro ruedas de manera opcional, salvo en la versi\u00f3n John Coopr Works que ya la trae incorporada de f\u00e1brica. Adem\u00e1s el veh\u00edculo ofrece a posibilidad de escoger una <b>opci\u00f3n autom\u00e1tica<\/b> con el mismo n\u00famero de marchas.<\/p>\n<h5 style=\"text-align: justify;\"><b>Dise\u00f1o y est\u00e9tica<\/b><\/h5>\n<p style=\"text-align: justify;\"><img loading=\"lazy\" decoding=\"async\" class=\"alignleft size-full wp-image-2116\" alt=\"mini paceman, coche segunda mano\" src=\"https:\/\/www.sibuscascoche.com\/noticias\/wp-content\/uploads\/2014\/04\/mini-paceman.jpg\" width=\"300\" height=\"200\" \/>En cuanto a su dise\u00f1o, el\u00a0<b>Mini Paceman<\/b> es ligeramente m\u00e1s largo que el Mini Countryman, con lo cual podemos decir que se trata del modelo de mayor longitud fabricado hasta ahora por BMW, aunque su altura es muy parecida. Eso s\u00ed, el volumen del maletero es algo m\u00e1s peque\u00f1o con unos 330 litros de capacidad.<\/p>\n<p style=\"text-align: justify;\">El interior cuenta con un dise\u00f1o cuenta con <b>algunos cambios<\/b> que lo hacen totalmente distinto de otras versiones del modelo. Por ejemplo es la primera que lleva el mando de los elevalunas en las puertas en vez de en la consola.<\/p>\n<p style=\"text-align: justify;\">Destacar que el coche puede ser elegido en <b>ocho colores distintos<\/b> en lo que se refiere a la carrocer\u00eda exterior. Adem\u00e1s el techo podr\u00e1 ser pintado del mismo color que la carrocer\u00eda o en blanco o en negro.<\/p>\n<h5 style=\"text-align: justify;\"><b>Equipamiento<\/b><\/h5>\n<p style=\"text-align: justify;\">En cuanto al equipamiento, debemos destacar los <b>elementos de seguridad<\/b> con los que ha sido dotado el<b> Mini Paceman <\/b>como es el caso de los airbags frontales y laterales, el Center Rail del habit\u00e1culo o los anclajes Isofix traseros. Pero adem\u00e1s cuenta con otros elementos que lo convierten en un <b>autom\u00f3vil confortable y f\u00e1cil de conducir<\/b> como los espejos de regulaci\u00f3n el\u00e9ctrica, la radio CD de conexi\u00f3n auxiliar o el volante de cuero multifunci\u00f3n que puede ser encontrado en las versiones S y SD.<\/p>\n<p style=\"text-align: justify;\"><img loading=\"lazy\" decoding=\"async\" class=\"size-full wp-image-2121 alignright\" alt=\"mini paceman, coche segunda mano\" src=\"https:\/\/www.sibuscascoche.com\/noticias\/wp-content\/uploads\/2014\/04\/mini-mundial-brasil1.jpg\" width=\"300\" height=\"192\" \/>De manera <b>opcional, <\/b>el cliente puede elegir el reposabrazos central delantero, los asientos calefactables, el climatizador, e techo solar de cristal, los faros de xen\u00f3n, el sensor de lluvia, el sistema de navegaci\u00f3n, los faros antiniebla, etc.<\/p>\n<p style=\"text-align: justify;\">Cabe destacar que hace tan s\u00f3lo unos d\u00edas, la marca nos sorprend\u00eda con el anuncio de una nueva versi\u00f3n el <b>Mini Paceman GoalCooper. <\/b>Una versi\u00f3n todocamino muy especial de 218 CV de potencia que ha sido lanzada en homenaje a las victorias futbol\u00edsticas y promocionar el mundial de Brasil que tendr\u00e1 lugar este mismo a\u00f1o 2014. Es por ello que ha sido dise\u00f1ado est\u00e9ticamente con los colores de la bandera brasile\u00f1a.<\/p>\n","protected":false},"excerpt":{"rendered":"<p>El Mini Paceman es el s\u00e9ptimo modelo lanzado por BMW perteneciente a la familia Mini. Un veh\u00edculo de tres puertas cuyas dimensiones son de 4,11 metros de largo, 1,79 metros<\/p>\n","protected":false},"author":1,"featured_media":2113,"comment_status":"closed","ping_status":"open","sticky":false,"template":"","format":"standard","meta":{"footnotes":""},"categories":[1,7],"tags":[168],"class_list":["post-2112","post","type-post","status-publish","format-standard","has-post-thumbnail","hentry","category-actualidad","category-turismos","tag-mini"],"_links":{"self":[{"href":"https:\/\/www.sibuscascoche.com\/noticias\/wp-json\/wp\/v2\/posts\/2112","targetHints":{"allow":["GET"]}}],"collection":[{"href":"https:\/\/www.sibuscascoche.com\/noticias\/wp-json\/wp\/v2\/posts"}],"about":[{"href":"https:\/\/www.sibuscascoche.com\/noticias\/wp-json\/wp\/v2\/types\/post"}],"author":[{"embeddable":true,"href":"https:\/\/www.sibuscascoche.com\/noticias\/wp-json\/wp\/v2\/users\/1"}],"replies":[{"embeddable":true,"href":"https:\/\/www.sibuscascoche.com\/noticias\/wp-json\/wp\/v2\/comments?post=2112"}],"version-history":[{"count":7,"href":"https:\/\/www.sibuscascoche.com\/noticias\/wp-json\/wp\/v2\/posts\/2112\/revisions"}],"predecessor-version":[{"id":2122,"href":"https:\/\/www.sibuscascoche.com\/noticias\/wp-json\/wp\/v2\/posts\/2112\/revisions\/2122"}],"wp:featuredmedia":[{"embeddable":true,"href":"https:\/\/www.sibuscascoche.com\/noticias\/wp-json\/wp\/v2\/media\/2113"}],"wp:attachment":[{"href":"https:\/\/www.sibuscascoche.com\/noticias\/wp-json\/wp\/v2\/media?parent=2112"}],"wp:term":[{"taxonomy":"category","embeddable":true,"href":"https:\/\/www.sibuscascoche.com\/noticias\/wp-json\/wp\/v2\/categories?post=2112"},{"taxonomy":"post_tag","embeddable":true,"href":"https:\/\/www.sibuscascoche.com\/noticias\/wp-json\/wp\/v2\/tags?post=2112"}],"curies":[{"name":"wp","href":"https:\/\/api.w.org\/{rel}","templated":true}]}}