{"id":2087,"date":"2014-04-14T16:42:56","date_gmt":"2014-04-14T14:42:56","guid":{"rendered":"https:\/\/www.sibuscascoche.com\/noticias\/?p=2087"},"modified":"2014-04-14T17:50:11","modified_gmt":"2014-04-14T15:50:11","slug":"fiat-500-ya-tiene-duena","status":"publish","type":"post","link":"https:\/\/www.sibuscascoche.com\/noticias\/2014\/fiat-500-ya-tiene-duena\/","title":{"rendered":"El Fiat 500 \u201cfugado\u201d ya tiene due\u00f1a"},"content":{"rendered":"<p style=\"text-align: justify;\"><span style=\"line-height: 1.5em;\"><img loading=\"lazy\" decoding=\"async\" class=\"alignleft  wp-image-2090\" alt=\"Coches de ocasi\u00f3n baratos\" src=\"https:\/\/www.sibuscascoche.com\/noticias\/wp-content\/uploads\/2014\/04\/Ganadora-Fiat-500-sibuscascoche_4.jpg\" width=\"338\" height=\"225\" srcset=\"https:\/\/www.sibuscascoche.com\/noticias\/wp-content\/uploads\/2014\/04\/Ganadora-Fiat-500-sibuscascoche_4.jpg 375w, https:\/\/www.sibuscascoche.com\/noticias\/wp-content\/uploads\/2014\/04\/Ganadora-Fiat-500-sibuscascoche_4-300x200.jpg 300w\" sizes=\"auto, (max-width: 338px) 100vw, 338px\" \/>Y por fin lleg\u00f3 el d\u00eda en el que el Fiat 500 se encontr\u00f3 con su due\u00f1o, en este caso, due\u00f1a, Amparo Adrover Baz de A Guarda (Pontevedra) fue la gran afortunada de la tarde.<\/span><\/p>\n<p style=\"text-align: justify;\"><span style=\"line-height: 1.5em;\">Como sab\u00e9is, solo una abr\u00eda el Fiat 500 que los ayudantes del Sheriff P\u00e9rez persiguieron durante<\/span><b style=\"line-height: 1.5em;\"><i> <\/i><\/b><span style=\"line-height: 1.5em;\">3 meses. Lo buscaron por toda la geograf\u00eda gallega y ha sido localizado en A Coru\u00f1a, Santiago de Compostela, Ferrol, Lugo, Ourense, Vigo y Pontevedra. Pero adem\u00e1s de localizar el veh\u00edculo, los participantes en el concurso han respondido multitud de preguntas, a trav\u00e9s de la p\u00e1gina web Sebuscacoche y las redes sociales, y as\u00ed han ido consiguiendo llaves. Los asistentes a los salones del autom\u00f3vil de A Coru\u00f1a y Lugo, celebrados en las \u00faltimas semanas, tambi\u00e9n han tenido la oportunidad de conseguir llaves directas.\u00a0<\/span><\/p>\n<p style=\"text-align: justify;\">F<span style=\"line-height: 1.5em; text-align: justify;\">inalmente el jueves 10 de abril, 40 concursantes con derecho a llave se dieron cita en las instalaciones de Autopark Santiago para probar suerte y descubrir si alguna de las llaves que les hab\u00edan correspondido abr\u00eda el Fiat 500.<\/span><\/p>\n<p><img loading=\"lazy\" decoding=\"async\" class=\"wp-image-2091   alignright\" style=\"line-height: 1.5em;\" title=\"Ganadora del Fiat 500\" alt=\"Coches segunda mano baratos\" src=\"https:\/\/www.sibuscascoche.com\/noticias\/wp-content\/uploads\/2014\/04\/Ganadora-Fiat-500-sibuscascoche_2.jpg\" width=\"315\" height=\"210\" srcset=\"https:\/\/www.sibuscascoche.com\/noticias\/wp-content\/uploads\/2014\/04\/Ganadora-Fiat-500-sibuscascoche_2.jpg 350w, https:\/\/www.sibuscascoche.com\/noticias\/wp-content\/uploads\/2014\/04\/Ganadora-Fiat-500-sibuscascoche_2-300x199.jpg 300w\" sizes=\"auto, (max-width: 315px) 100vw, 315px\" \/><\/p>\n<p style=\"text-align: justify;\"><span style=\"line-height: 1.5em;\">Fue una tarde de nervios y emoci\u00f3n, aunque parece que el Fiat 500 estaba deseoso de irse con su nueva due\u00f1a, ya que la llave correcta sali\u00f3 ya con la segunda \u00a0participante. Amparo Adrover, con una \u00fanica llave, consigui\u00f3 abrir y poner en marcha el Fiat 500. Algunos de los participantes hab\u00edan conseguido hasta un m\u00e1ximo de 5 llaves durante el concurso, pero la suerte estaba, sin duda, del lado de Amparo.<\/span><\/p>\n<p style=\"text-align: left;\">\u00a0Pero dejemos que sea la propia Amparo la que nos cuente c\u00f3mo vivi\u00f3 ese momento y qu\u00e9 piensa hacer con su flamante Fiat 500.<\/p>\n<h2 style=\"text-align: center;\">Hablamos con la ganadora<\/h2>\n<ul>\n<li style=\"text-align: justify;\"><strong>\u00bfC\u00f3mo descubriste el concurso Se Busca Coche?<\/strong><\/li>\n<\/ul>\n<p style=\"text-align: justify;\">A trav\u00e9s de mis hermanas, que hab\u00edan participado y me animaron a probar suerte.<\/p>\n<ul style=\"text-align: justify;\">\n<li><strong>\u00bfQu\u00e9 te pareci\u00f3 Sibuscascoche.com?<\/strong><\/li>\n<\/ul>\n<p style=\"text-align: justify;\">La verdad es que una vez contest\u00e9 las preguntas y le ech\u00e9 un vistazo a la p\u00e1gina me pareci\u00f3 muy interesante, con buenas ofertas y variedad en modelos y marcas.<\/p>\n<ul style=\"text-align: justify;\">\n<li><strong>\u00bfA la final del concurso celebrada en las instalaciones de Autopark en Santiago viniste con tus dos hermanas?, \u00bfLlegasteis a alg\u00fan acuerdo precio por si os tocaba el coche a alguna?, \u00bfSe lo prestar\u00e1s?<\/strong><\/li>\n<\/ul>\n<p style=\"text-align: justify;\">Si nos desplazamos juntas a Santiago para probar nuestras llaves. En realidad no hab\u00edamos llegado a ning\u00fan acuerdo porque no ten\u00edamos claro que nos fue a tocar a ninguna, simplemente \u00edbamos a probar suerte, yo creo que igual ahora se arrepienten (risas). Pero, si en alg\u00fan momento lo necesitan se lo prestar\u00e9\u2026 pero solo un rato (m\u00e1s risas)<\/p>\n<ul style=\"text-align: justify;\">\n<li><strong>\u00bfQu\u00e9 se te pas\u00f3 por la cabeza cuando la llave comenz\u00f3 a girar?<\/strong><\/li>\n<\/ul>\n<p style=\"text-align: justify;\">No me dio tiempo a pensar en nada, estaba alucinada, no me lo pod\u00eda creer, nunca me hab\u00eda tocado nada, por lo que no pens\u00e9 que esto me pudiese suceder.<\/p>\n<ul style=\"text-align: justify;\">\n<li><strong>\u00bfTienes veh\u00edculo propio?<\/strong><\/li>\n<\/ul>\n<p style=\"text-align: justify;\">No tengo, perd\u00f3n, no ten\u00eda veh\u00edculo propio y por eso creo que me hace tanta ilusi\u00f3n.<\/p>\n<ul style=\"text-align: justify;\">\n<li><strong>Entonces, \u00bfTe vendr\u00e1 especialmente bien este premio, no?<\/strong><\/li>\n<\/ul>\n<p style=\"text-align: justify;\">S\u00ediii<\/p>\n<ul style=\"text-align: justify;\">\n<li><strong>\u00bfQu\u00e9 uso piensas darle?<\/strong><\/li>\n<\/ul>\n<p style=\"text-align: justify;\">Pues me viene genial para poder ir a trabajar.<\/p>\n","protected":false},"excerpt":{"rendered":"<p>Y por fin lleg\u00f3 el d\u00eda en el que el Fiat 500 se encontr\u00f3 con su due\u00f1o, en este caso, due\u00f1a, Amparo Adrover Baz de A Guarda (Pontevedra) fue la<\/p>\n","protected":false},"author":1,"featured_media":2089,"comment_status":"closed","ping_status":"open","sticky":false,"template":"","format":"standard","meta":{"footnotes":""},"categories":[1],"tags":[180,181,179],"class_list":["post-2087","post","type-post","status-publish","format-standard","has-post-thumbnail","hentry","category-actualidad","tag-concurso","tag-fiat-500","tag-se-busca-coche"],"_links":{"self":[{"href":"https:\/\/www.sibuscascoche.com\/noticias\/wp-json\/wp\/v2\/posts\/2087","targetHints":{"allow":["GET"]}}],"collection":[{"href":"https:\/\/www.sibuscascoche.com\/noticias\/wp-json\/wp\/v2\/posts"}],"about":[{"href":"https:\/\/www.sibuscascoche.com\/noticias\/wp-json\/wp\/v2\/types\/post"}],"author":[{"embeddable":true,"href":"https:\/\/www.sibuscascoche.com\/noticias\/wp-json\/wp\/v2\/users\/1"}],"replies":[{"embeddable":true,"href":"https:\/\/www.sibuscascoche.com\/noticias\/wp-json\/wp\/v2\/comments?post=2087"}],"version-history":[{"count":21,"href":"https:\/\/www.sibuscascoche.com\/noticias\/wp-json\/wp\/v2\/posts\/2087\/revisions"}],"predecessor-version":[{"id":2111,"href":"https:\/\/www.sibuscascoche.com\/noticias\/wp-json\/wp\/v2\/posts\/2087\/revisions\/2111"}],"wp:featuredmedia":[{"embeddable":true,"href":"https:\/\/www.sibuscascoche.com\/noticias\/wp-json\/wp\/v2\/media\/2089"}],"wp:attachment":[{"href":"https:\/\/www.sibuscascoche.com\/noticias\/wp-json\/wp\/v2\/media?parent=2087"}],"wp:term":[{"taxonomy":"category","embeddable":true,"href":"https:\/\/www.sibuscascoche.com\/noticias\/wp-json\/wp\/v2\/categories?post=2087"},{"taxonomy":"post_tag","embeddable":true,"href":"https:\/\/www.sibuscascoche.com\/noticias\/wp-json\/wp\/v2\/tags?post=2087"}],"curies":[{"name":"wp","href":"https:\/\/api.w.org\/{rel}","templated":true}]}}