{"id":2009,"date":"2014-04-07T16:47:04","date_gmt":"2014-04-07T14:47:04","guid":{"rendered":"https:\/\/www.sibuscascoche.com\/noticias\/?p=2009"},"modified":"2014-04-07T17:27:54","modified_gmt":"2014-04-07T15:27:54","slug":"nueva-ley-trafico-cambios-para-conductores-vehiculos-vias","status":"publish","type":"post","link":"https:\/\/www.sibuscascoche.com\/noticias\/2014\/nueva-ley-trafico-cambios-para-conductores-vehiculos-vias\/","title":{"rendered":"La nueva Ley de Tr\u00e1fico trae cambios para los conductores, veh\u00edculos y v\u00edas"},"content":{"rendered":"<p style=\"text-align: justify;\">Desde hace alg\u00fan tiempo ya se ven\u00eda rumoreando sobre los nuevos cambios que Tr\u00e1fico pretend\u00eda hacer en la Ley con el objetivo de aumentar la seguridad y reducir el \u00edndice de siniestralidad en las carreteras. Hoy por fin ya la conocemos todas. Y no s\u00f3lo afectar\u00e1n a los conductores, sino tambi\u00e9n a los veh\u00edculos y carreteras.<\/p>\n<ul style=\"text-align: justify;\">\n<li><b>Los sistemas de retenci\u00f3n y protecci\u00f3n<\/b> tales como el cintur\u00f3n de seguridad o las sillitas infantiles pasar\u00e1n a ser una obligaci\u00f3n generalizada para todos los ocupantes. De hecho no cumplir esta norma podr\u00e1 ser motivo de inmovilizaci\u00f3n del veh\u00edculo.<\/li>\n<li><b style=\"line-height: 1.5em;\">Quedan prohibidos los detectores de radar<\/b><span style=\"line-height: 1.5em;\"> que interfieren con el sistema, pero si podr\u00e1n ser utilizados aquellos que informan sobre la ubicaci\u00f3n de un dispositivo de estas caracter\u00edsticas. Su incumplimiento ser\u00e1 castigado con una multa de 200 euros y tres puntos menos en el carn\u00e9.<\/span><\/li>\n<li><b style=\"line-height: 1.5em;\"><img loading=\"lazy\" decoding=\"async\" class=\"size-full wp-image-2017 alignright\" alt=\"ley tr\u00e1fico, coche ocasi\u00f3n\" src=\"https:\/\/www.sibuscascoche.com\/noticias\/wp-content\/uploads\/2014\/04\/control-drogas.jpg\" width=\"300\" height=\"176\" \/>Conducir bajo los efectos de las drogas<\/b><span style=\"line-height: 1.5em;\"> ser\u00e1 castigado con una sanci\u00f3n de 1.000 euros y 6 puntos menos. Incluso podr\u00e1 ser procesado por la v\u00eda penal si su conducci\u00f3n entra\u00f1a riesgos para la seguridad. Se trata de algo novedoso que hasta el momento no hab\u00eda sido regulado ni penal ni administrativamente. Adem\u00e1s, los dem\u00e1s usuarios de la v\u00eda que se hayan visto implicados en un accidente o hayan cometido una infracci\u00f3n tambi\u00e9n deber\u00e1n someterse a este tipo de controles.<\/span><\/li>\n<li><b style=\"line-height: 1.5em;\">Las multas por conducir bajo los efectos del alcohol aumentar\u00e1n hasta los 1.000 euros<\/b><span style=\"line-height: 1.5em;\"> para los conductores reincidentes que hayan sido sancionados por el mismo motivo en el a\u00f1o anterior, as\u00ed como para aquellos conductores que superen el doble de la tasa permitida. Para el resto, la multa se mantiene en 500 euros y 4 \u00f3 6 puntos menos en el carn\u00e9.<\/span><\/li>\n<li><span style=\"line-height: 1.5em;\">A partir de ahora los ciclistas\u00a0<\/span><b style=\"line-height: 1.5em;\">menores de 16 a\u00f1os,<\/b><span style=\"line-height: 1.5em;\"> que antes estaban exentos, estar\u00e1n obligados a <\/span><b style=\"line-height: 1.5em;\">llevar casco en cualquier tipo de v\u00eda<\/b><span style=\"line-height: 1.5em;\">. Adem\u00e1s se permite que los ciclistas puedan circular por debajo de los l\u00edmites de velocidad establecidos.<\/span><\/li>\n<li><span style=\"line-height: 1.5em;\">Si una infracci\u00f3n relacionada con velocidad, alcohol, drogas, m\u00f3vil, cintur\u00f3n o casco se produce en otro pa\u00eds diferente al del veh\u00edculo, <\/span><b style=\"line-height: 1.5em;\">las autoridades podr\u00e1n intercambiar informaci\u00f3n<\/b><span style=\"line-height: 1.5em;\"> sobre ello.<\/span><\/li>\n<li>Adem\u00e1s de todas estas medidas, se han a\u00f1adido otras como que todos los veh\u00edculos con empresas en territorio nacional o residentes en Espa\u00f1a deber\u00e1n tener matricula espa\u00f1ola, la ampliaci\u00f3n del plazo de alegaci\u00f3n de denuncias o la prioridad de paso de las gr\u00faas.<\/li>\n<\/ul>\n<p style=\"text-align: justify;\">\u00a0La <b>RACE<\/b> (Real Autom\u00f3vil Club de Espa\u00f1a) tras conocer todas estas nuevas medidas ha valorado la mayor\u00eda como muy positivas. Sin embargo, discrepan con el aumento de la sanci\u00f3n por la doble tasa de alcohol pues apuestan m\u00e1s por la formaci\u00f3n e informaci\u00f3n a los conductores que por este tipo de medidas de castigo.<\/p>\n<p style=\"text-align: justify;\">En cualquier caso, es evidente que el objetivo de estos <b>cambios en la Ley de Tr\u00e1fico<\/b> tienen como fin reducir los accidentes en carretera y aumentar la seguridad de los ciudadanos. No obstante, habr\u00e1 que esperar para ver si las medidas van surtiendo efecto.<\/p>\n","protected":false},"excerpt":{"rendered":"<p>Desde hace alg\u00fan tiempo ya se ven\u00eda rumoreando sobre los nuevos cambios que Tr\u00e1fico pretend\u00eda hacer en la Ley con el objetivo de aumentar la seguridad y reducir el \u00edndice<\/p>\n","protected":false},"author":1,"featured_media":2016,"comment_status":"closed","ping_status":"open","sticky":false,"template":"","format":"standard","meta":{"footnotes":""},"categories":[1],"tags":[87],"class_list":["post-2009","post","type-post","status-publish","format-standard","has-post-thumbnail","hentry","category-actualidad","tag-seguridad"],"_links":{"self":[{"href":"https:\/\/www.sibuscascoche.com\/noticias\/wp-json\/wp\/v2\/posts\/2009","targetHints":{"allow":["GET"]}}],"collection":[{"href":"https:\/\/www.sibuscascoche.com\/noticias\/wp-json\/wp\/v2\/posts"}],"about":[{"href":"https:\/\/www.sibuscascoche.com\/noticias\/wp-json\/wp\/v2\/types\/post"}],"author":[{"embeddable":true,"href":"https:\/\/www.sibuscascoche.com\/noticias\/wp-json\/wp\/v2\/users\/1"}],"replies":[{"embeddable":true,"href":"https:\/\/www.sibuscascoche.com\/noticias\/wp-json\/wp\/v2\/comments?post=2009"}],"version-history":[{"count":8,"href":"https:\/\/www.sibuscascoche.com\/noticias\/wp-json\/wp\/v2\/posts\/2009\/revisions"}],"predecessor-version":[{"id":2020,"href":"https:\/\/www.sibuscascoche.com\/noticias\/wp-json\/wp\/v2\/posts\/2009\/revisions\/2020"}],"wp:featuredmedia":[{"embeddable":true,"href":"https:\/\/www.sibuscascoche.com\/noticias\/wp-json\/wp\/v2\/media\/2016"}],"wp:attachment":[{"href":"https:\/\/www.sibuscascoche.com\/noticias\/wp-json\/wp\/v2\/media?parent=2009"}],"wp:term":[{"taxonomy":"category","embeddable":true,"href":"https:\/\/www.sibuscascoche.com\/noticias\/wp-json\/wp\/v2\/categories?post=2009"},{"taxonomy":"post_tag","embeddable":true,"href":"https:\/\/www.sibuscascoche.com\/noticias\/wp-json\/wp\/v2\/tags?post=2009"}],"curies":[{"name":"wp","href":"https:\/\/api.w.org\/{rel}","templated":true}]}}