{"id":1992,"date":"2014-04-03T15:50:53","date_gmt":"2014-04-03T13:50:53","guid":{"rendered":"https:\/\/www.sibuscascoche.com\/noticias\/?p=1992"},"modified":"2014-04-07T17:24:03","modified_gmt":"2014-04-07T15:24:03","slug":"mercedes-clase-cla","status":"publish","type":"post","link":"https:\/\/www.sibuscascoche.com\/noticias\/2014\/mercedes-clase-cla\/","title":{"rendered":"Descubrimos el CLA, el indomable de Mercedes"},"content":{"rendered":"<p style=\"text-align: justify;\"><span style=\"line-height: 1.5em;\">Interior poco convencional, dise\u00f1o elegante y contundente, aerodin\u00e1mica muy atractiva, son solo algunos de los detalles y calificativos que se merece este din\u00e1mico coup\u00e9. Un veh\u00edculo que en Mercedes resumen sencillamente como indomable.<\/span><\/p>\n<p style=\"text-align: justify;\">El <b>Mercedes Clase CLA<\/b> es un modelo de cuatro puertas y cinco plazas. Cuenta con motor de gasolina de 122 CV en su versi\u00f3n CLA 180, y motor di\u00e9sel de 136 CV en la versi\u00f3n CLA 200 CDI. Tiene 4,63 metros de longitud, 1,78 de anchura y 1,44 de altura, por lo que es cuatro cent\u00edmetros mayor que el Clase C.<\/p>\n<p style=\"text-align: justify;\"><img loading=\"lazy\" decoding=\"async\" class=\"size-full wp-image-1995 alignright\" alt=\"mercedes cla, coche segunda mano\" src=\"https:\/\/www.sibuscascoche.com\/noticias\/wp-content\/uploads\/2014\/04\/Mercedes-CLA-ocasion.jpg\" width=\"300\" height=\"197\" \/>A diferencia de este \u00faltimo, sin embargo, presenta menores calidades, especialmente en lo referente a los materiales y la construcci\u00f3n. Es menos c\u00f3modo tambi\u00e9n en el aspecto de la suspensi\u00f3n y dispone de menos espacio a disposici\u00f3n de los ocupantes de las plazas posteriores (el reducido tama\u00f1o de las puertas dificulta, por ejemplo, acomodar ni\u00f1os peque\u00f1os en los asientos traseros).<\/p>\n<p style=\"text-align: justify;\">El Clase CLA tambi\u00e9n es un poco m\u00e1s grande que el <b>Mercedes Clase A<\/b>. Presenta distancia entre ejes de 2,70 metros, maletero con capacidad para 470 litros (129 m\u00e1s que el Clase A y cinco menos que el Clase C) y suspensi\u00f3n deportiva instalada (m\u00e1s c\u00f3moda en la Clase CLA que en el A).<\/p>\n<p style=\"text-align: justify;\">En cuanto a su interior hay que destacar su reducido acceso por la ca\u00edda tan pronunciada del techo. La anchura entre puertas, precisamente, es adecuada para dos ocupantes, no tres. Un veh\u00edculo que no es muy adecuado para familias con ni\u00f1os peque\u00f1os, a ra\u00edz de esta estrechez, o numerosas.<\/p>\n<p style=\"text-align: justify;\">Como rasgos positivos hay que destacar que el Mercedes Clase CLA permite ritmos de marcha elevados con un consumo de carburante moderado. El motor est\u00e1 situado en posici\u00f3n transversal, a diferencia del longitudinal de otros modelos Mercedes. Las versiones menos potentes del Clase CLA se pueden elegir tanto con cambio manual como autom\u00e1tico.<\/p>\n<p style=\"text-align: justify;\">Dispone asimismo de <b>tracci\u00f3n en las ruedas delanteras<\/b> o tracci\u00f3n en las cuatro ruedas (estos \u00faltimos son ya versiones aparecidas a finales del 2013). M\u00e1s adelante aparecer\u00e1n modelos con tracci\u00f3n total en combinaci\u00f3n con motores di\u00e9sel.<\/p>\n<p style=\"text-align: justify;\">El <b>coeficiente aerodin\u00e1mico<\/b> de este Mercedes Clase CLA es muy bajo, en torno al 0,23, lo que equivale por tanto a uno de los m\u00e1s favorables de todos los veh\u00edculos del mercado. Dentro del equipamiento de serie hay que a\u00f1adir sus faros de doble xen\u00f3n, llantas de 18 pulgadas, sistema de sonido Radio Audio 20 y el elemento de seguridad CollisionPreventionAssist.<\/p>\n","protected":false},"excerpt":{"rendered":"<p>Interior poco convencional, dise\u00f1o elegante y contundente, aerodin\u00e1mica muy atractiva, son solo algunos de los detalles y calificativos que se merece este din\u00e1mico coup\u00e9. Un veh\u00edculo que en Mercedes resumen<\/p>\n","protected":false},"author":1,"featured_media":1994,"comment_status":"closed","ping_status":"open","sticky":false,"template":"","format":"standard","meta":{"footnotes":""},"categories":[8,7],"tags":[1438,143],"class_list":["post-1992","post","type-post","status-publish","format-standard","has-post-thumbnail","hentry","category-lanzamientos","category-turismos","tag-coupe","tag-mercedes"],"_links":{"self":[{"href":"https:\/\/www.sibuscascoche.com\/noticias\/wp-json\/wp\/v2\/posts\/1992","targetHints":{"allow":["GET"]}}],"collection":[{"href":"https:\/\/www.sibuscascoche.com\/noticias\/wp-json\/wp\/v2\/posts"}],"about":[{"href":"https:\/\/www.sibuscascoche.com\/noticias\/wp-json\/wp\/v2\/types\/post"}],"author":[{"embeddable":true,"href":"https:\/\/www.sibuscascoche.com\/noticias\/wp-json\/wp\/v2\/users\/1"}],"replies":[{"embeddable":true,"href":"https:\/\/www.sibuscascoche.com\/noticias\/wp-json\/wp\/v2\/comments?post=1992"}],"version-history":[{"count":5,"href":"https:\/\/www.sibuscascoche.com\/noticias\/wp-json\/wp\/v2\/posts\/1992\/revisions"}],"predecessor-version":[{"id":2021,"href":"https:\/\/www.sibuscascoche.com\/noticias\/wp-json\/wp\/v2\/posts\/1992\/revisions\/2021"}],"wp:featuredmedia":[{"embeddable":true,"href":"https:\/\/www.sibuscascoche.com\/noticias\/wp-json\/wp\/v2\/media\/1994"}],"wp:attachment":[{"href":"https:\/\/www.sibuscascoche.com\/noticias\/wp-json\/wp\/v2\/media?parent=1992"}],"wp:term":[{"taxonomy":"category","embeddable":true,"href":"https:\/\/www.sibuscascoche.com\/noticias\/wp-json\/wp\/v2\/categories?post=1992"},{"taxonomy":"post_tag","embeddable":true,"href":"https:\/\/www.sibuscascoche.com\/noticias\/wp-json\/wp\/v2\/tags?post=1992"}],"curies":[{"name":"wp","href":"https:\/\/api.w.org\/{rel}","templated":true}]}}