{"id":1981,"date":"2014-04-04T17:03:08","date_gmt":"2014-04-04T15:03:08","guid":{"rendered":"https:\/\/www.sibuscascoche.com\/noticias\/?p=1981"},"modified":"2015-07-31T12:05:55","modified_gmt":"2015-07-31T10:05:55","slug":"adam-el-urbano-de-opel","status":"publish","type":"post","link":"https:\/\/www.sibuscascoche.com\/noticias\/2014\/adam-el-urbano-de-opel\/","title":{"rendered":"Adam, el urbano de Opel que conquistar\u00e1 la ciudad"},"content":{"rendered":"<p style=\"text-align: justify;\"><img loading=\"lazy\" decoding=\"async\" class=\"alignleft size-full wp-image-1984\" style=\"line-height: 1.5em;\" alt=\"Coche Km0 barato\" src=\"https:\/\/www.sibuscascoche.com\/noticias\/wp-content\/uploads\/2014\/04\/interior_Opel_ADAM_2.jpg\" width=\"400\" height=\"171\" srcset=\"https:\/\/www.sibuscascoche.com\/noticias\/wp-content\/uploads\/2014\/04\/interior_Opel_ADAM_2.jpg 400w, https:\/\/www.sibuscascoche.com\/noticias\/wp-content\/uploads\/2014\/04\/interior_Opel_ADAM_2-300x128.jpg 300w\" sizes=\"auto, (max-width: 400px) 100vw, 400px\" \/><\/p>\n<p style=\"text-align: justify;\"><span style=\"line-height: 1.5em;\">Dise\u00f1o atrevido, original y fresco para este autom\u00f3vil chic. Hablamos del <a href=\"https:\/\/www.sibuscascoche.com\/coches-ocasion\/opel\/adam\"><span style=\"color: #0071b9;\">Opel Adam<\/span><\/a>. La firma alemana lanz\u00f3 al mercado, y en los concesionarios espa\u00f1oles desde enero del 2013, este modelo con carrocer\u00eda hatchback de tres puertas y cuatro asientos independientes (los de la fila posterior pueden abatirse), motor transversal y tracci\u00f3n delantera.<\/span><\/p>\n<p style=\"text-align: justify;\">Su gama de motores est\u00e1 formada por tres opciones de gasolina, un 1,2 de 70 CV, un 1,4 de 87 CV y un 1,4 de 100 CV con un cambio manual, todos ellos de cinco velocidades. Con medidas de ahorro ecoFLEX y sistema de parada y arranque autom\u00e1tico Start\/Stop, m\u00e1s adelante el Opel ADAM contar\u00e1 con nuevos motores de inyecci\u00f3n directa, turbo y una transmisi\u00f3n manual de seis velocidades.<\/p>\n<p style=\"text-align: justify;\">Presenta tres l\u00edneas de acabado: JAM (m\u00e1s colorido), GLAM (elegante, refinado y sofisticado) y SLAM (deportivo), con tres colores disponibles para el techo. Dispone de ESP de serie con funci\u00f3n de ayuda en arranque en pendientes, tama\u00f1os de llanta de entre 15 y 18 pulgadas (los de 17 y 18 llevar\u00e1n un chasis m\u00e1s Sport).<\/p>\n<p style=\"text-align: justify;\"><img loading=\"lazy\" decoding=\"async\" class=\"size-full wp-image-1983 alignright\" alt=\"Coche ocasi\u00f3n barato\" src=\"https:\/\/www.sibuscascoche.com\/noticias\/wp-content\/uploads\/2014\/04\/interior_Opel_ADAM.jpg\" width=\"300\" height=\"200\" \/>Por su parte ofrece un equipo multimedia de nueva generaci\u00f3n sincronizado con smartphones tanto para equipos Android como Apple iOS. Esto nos permite disponer de todos los contenidos del dispositivo port\u00e1til en una pantalla de siete pulgadas instalada en la parte inferior del salpicadero.<\/p>\n<p style=\"text-align: justify;\">Otros detalles con los que cuenta son el asistente de aparcamiento APA de segunda generaci\u00f3n que permite aparcar autom\u00e1ticamente el coche manejando tan solo los pedales y las marchas, volante calefactado, alerta del \u00e1ngulo muerto, conexi\u00f3n USB para MP3, iPods y tablets y, cuando est\u00e9 parado, puede emitir v\u00eddeos y presentaciones de fotograf\u00edas.<\/p>\n<p style=\"text-align: justify;\">Una de las grandes ventajas del Opel ADAM respecto al resto de autom\u00f3viles es su enorme capacidad de personalizaci\u00f3n, ya que cuenta con numerosas combinaciones de colores tanto para el techo como para la carrocer\u00eda y las llantas.<\/p>\n<p style=\"text-align: justify;\">En el \u00faltimo Sal\u00f3n de Ginebra celebrado recientemente, la gama Opel Adam se complet\u00f3 con el Opel Adam Rocks, un variante descapotable que cuenta con un techo de lona. Mide 3,74 metros de largo, dispone de un techo retr\u00e1ctil Swing Top el\u00e9ctrico y saldr\u00e1 a la venta en verano. Por cierto, un \u00faltimo detalle: la denominaci\u00f3n Adam se refiere al fundador de la marca, Adam Opel, en 1899.<\/p>\n<p style=\"text-align: justify;\">La buena acogida del Opel Adam ha provocado que lancen al mercado el <a href=\"http:\/\/www.opel.es\/vehiculos\/coches-opel\/vehiculos-de-pasajeros-opel\/adam-rocks\/coche-adam-rocks.html\" target=\"_blank\" rel=\"noopener\"><span style=\"color: #0071b9;\">Opel Adam Rocks<\/span><\/a> que, si bien mantiene el estilo aventurero del anterior, dispone de una mayor altura libre al suelo.<\/p>\n<p style=\"text-align: justify;\">\n","protected":false},"excerpt":{"rendered":"<p>Dise\u00f1o atrevido, original y fresco para este autom\u00f3vil chic. Hablamos del Opel Adam. La firma alemana lanz\u00f3 al mercado, y en los concesionarios espa\u00f1oles desde enero del 2013, este modelo<\/p>\n","protected":false},"author":1,"featured_media":1982,"comment_status":"closed","ping_status":"open","sticky":false,"template":"","format":"standard","meta":{"footnotes":""},"categories":[1,8],"tags":[66,176],"class_list":["post-1981","post","type-post","status-publish","format-standard","has-post-thumbnail","hentry","category-actualidad","category-lanzamientos","tag-compacto","tag-urbano"],"_links":{"self":[{"href":"https:\/\/www.sibuscascoche.com\/noticias\/wp-json\/wp\/v2\/posts\/1981","targetHints":{"allow":["GET"]}}],"collection":[{"href":"https:\/\/www.sibuscascoche.com\/noticias\/wp-json\/wp\/v2\/posts"}],"about":[{"href":"https:\/\/www.sibuscascoche.com\/noticias\/wp-json\/wp\/v2\/types\/post"}],"author":[{"embeddable":true,"href":"https:\/\/www.sibuscascoche.com\/noticias\/wp-json\/wp\/v2\/users\/1"}],"replies":[{"embeddable":true,"href":"https:\/\/www.sibuscascoche.com\/noticias\/wp-json\/wp\/v2\/comments?post=1981"}],"version-history":[{"count":8,"href":"https:\/\/www.sibuscascoche.com\/noticias\/wp-json\/wp\/v2\/posts\/1981\/revisions"}],"predecessor-version":[{"id":6147,"href":"https:\/\/www.sibuscascoche.com\/noticias\/wp-json\/wp\/v2\/posts\/1981\/revisions\/6147"}],"wp:featuredmedia":[{"embeddable":true,"href":"https:\/\/www.sibuscascoche.com\/noticias\/wp-json\/wp\/v2\/media\/1982"}],"wp:attachment":[{"href":"https:\/\/www.sibuscascoche.com\/noticias\/wp-json\/wp\/v2\/media?parent=1981"}],"wp:term":[{"taxonomy":"category","embeddable":true,"href":"https:\/\/www.sibuscascoche.com\/noticias\/wp-json\/wp\/v2\/categories?post=1981"},{"taxonomy":"post_tag","embeddable":true,"href":"https:\/\/www.sibuscascoche.com\/noticias\/wp-json\/wp\/v2\/tags?post=1981"}],"curies":[{"name":"wp","href":"https:\/\/api.w.org\/{rel}","templated":true}]}}