{"id":1894,"date":"2014-03-17T18:18:59","date_gmt":"2014-03-17T17:18:59","guid":{"rendered":"https:\/\/www.sibuscascoche.com\/noticias\/?p=1894"},"modified":"2014-03-17T18:19:47","modified_gmt":"2014-03-17T17:19:47","slug":"la-gestacion-del-futuro-audi-a4","status":"publish","type":"post","link":"https:\/\/www.sibuscascoche.com\/noticias\/2014\/la-gestacion-del-futuro-audi-a4\/","title":{"rendered":"La gestaci\u00f3n del futuro Audi A4"},"content":{"rendered":"<p style=\"text-align: justify;\">El futuro <b>Audi A4<\/b> se est\u00e1 gestando y es probable que llegue a los concesionarios a lo largo de 2015. Sin embargo, se han difundido unas fotograf\u00edas esp\u00edas del nuevo modelo en pruebas, que permiten hacernos una idea de los cambios y mejoras que la casa alemana prepara para su emblem\u00e1tica berlina media. La actual versi\u00f3n (Audi A4 B8) data de 2007. Aunque se ha renovado ligeramente varias veces, se hace necesario un cambio radical, que se har\u00e1 patente con el <b>Audi A4 B9<\/b>.<\/p>\n<p style=\"text-align: justify;\">En las fotos filtradas, la unidad en pruebas del futuro Audi A4 aparece camuflada bajo dos capas de lona. A pesar de esta dificultad, las instant\u00e1neas ofrecen aspectos interesantes sobre la nueva versi\u00f3n, que repasamos a continuaci\u00f3n:<\/p>\n<ul style=\"text-align: justify;\">\n<li><img loading=\"lazy\" decoding=\"async\" class=\"alignright size-full wp-image-1898\" title=\"Audi A4, modelo actual | Sibuscascoche.com\" alt=\"audi a4, coche ocasi\u00f3n\" src=\"https:\/\/www.sibuscascoche.com\/noticias\/wp-content\/uploads\/2014\/03\/audi-a4-coche-ocasion.jpg\" width=\"300\" height=\"200\" \/>El Audi A4 de 2015 poseer\u00e1 un dise\u00f1o <b>m\u00e1s aerodin\u00e1mico y deportivo<\/b> que el actual.<\/li>\n<li>Es probable que utilice <b>aler\u00f3n trasero<\/b> y tecnolog\u00eda <b>LED<\/b> en \u00f3pticas delanteras.<\/li>\n<li>Ser\u00e1 una versi\u00f3n m\u00e1s ligera, asentada sobre la <b>plataforma modular MLB<\/b>.<\/li>\n<li>Poseer\u00e1 un <b>morro m\u00e1s bajo<\/b> y una <b>parte trasera m\u00e1s alargada<\/b>.<\/li>\n<li>La l\u00ednea de <b>cintura se elevar\u00e1 ligeramente<\/b>.<\/li>\n<li>Contar\u00e1 con nuevo dise\u00f1o para <b>espejos retrovisores externos<\/b>.<\/li>\n<li>Medir\u00e1 4,7 metros de largo, 1,4 de alto y 1,8 de ancho. Pesar\u00e1 alrededor de 1330 kilogramos.<\/li>\n<\/ul>\n<p style=\"text-align: justify;\">Estos son los cambios m\u00e1s visibles de la nueva versi\u00f3n del Audi A4, las mejoras que han podido vislumbrarse bajo las lonas que cubr\u00edan la unidad en fase de pruebas. Sin embargo y, desde el punto de vista mec\u00e1nico, existen otras interesantes novedades. As\u00ed, se prev\u00e9 que el Audi A4 B9 utilice tecnolog\u00eda de <b>desactivaci\u00f3n de cilindros<\/b> y <b>tracci\u00f3n integral e-quattro<\/b>. La marca de los aros tambi\u00e9n ha confirmado que se fabricar\u00e1 una versi\u00f3n h\u00edbrida del nuevo modelo.<\/p>\n<p style=\"text-align: justify;\">Por supuesto, se esperan otros muchos avances tecnol\u00f3gicos en la nueva versi\u00f3n, relacionados con el confort, los sistemas multimedia o la conducci\u00f3n.<\/p>\n<p style=\"text-align: justify;\">Audi mueve ficha y renueva sustancialmente el A4. No pod\u00eda ser de otra forma, si tenemos en cuenta que la competencia m\u00e1s directa ha lanzado, recientemente, las nuevas versiones equivalentes (BMW Serie 3 F30, Mercedes Clase C W205\u2026).\u00a0Aunque no se conoce nada al respecto, el Audi A4 B9 podr\u00eda presentarse en 2014, en el <b>Sal\u00f3n del Autom\u00f3vil de Par\u00eds<\/b>. Si no es as\u00ed, tal vez tendremos que esperar a las ferias de Ginebra o Frankfurt del a\u00f1o que viene.<\/p>\n","protected":false},"excerpt":{"rendered":"<p>El futuro Audi A4 se est\u00e1 gestando y es probable que llegue a los concesionarios a lo largo de 2015. Sin embargo, se han difundido unas fotograf\u00edas esp\u00edas del nuevo<\/p>\n","protected":false},"author":1,"featured_media":1897,"comment_status":"closed","ping_status":"open","sticky":false,"template":"","format":"standard","meta":{"footnotes":""},"categories":[1,8],"tags":[18],"class_list":["post-1894","post","type-post","status-publish","format-standard","has-post-thumbnail","hentry","category-actualidad","category-lanzamientos","tag-audi"],"_links":{"self":[{"href":"https:\/\/www.sibuscascoche.com\/noticias\/wp-json\/wp\/v2\/posts\/1894","targetHints":{"allow":["GET"]}}],"collection":[{"href":"https:\/\/www.sibuscascoche.com\/noticias\/wp-json\/wp\/v2\/posts"}],"about":[{"href":"https:\/\/www.sibuscascoche.com\/noticias\/wp-json\/wp\/v2\/types\/post"}],"author":[{"embeddable":true,"href":"https:\/\/www.sibuscascoche.com\/noticias\/wp-json\/wp\/v2\/users\/1"}],"replies":[{"embeddable":true,"href":"https:\/\/www.sibuscascoche.com\/noticias\/wp-json\/wp\/v2\/comments?post=1894"}],"version-history":[{"count":3,"href":"https:\/\/www.sibuscascoche.com\/noticias\/wp-json\/wp\/v2\/posts\/1894\/revisions"}],"predecessor-version":[{"id":1899,"href":"https:\/\/www.sibuscascoche.com\/noticias\/wp-json\/wp\/v2\/posts\/1894\/revisions\/1899"}],"wp:featuredmedia":[{"embeddable":true,"href":"https:\/\/www.sibuscascoche.com\/noticias\/wp-json\/wp\/v2\/media\/1897"}],"wp:attachment":[{"href":"https:\/\/www.sibuscascoche.com\/noticias\/wp-json\/wp\/v2\/media?parent=1894"}],"wp:term":[{"taxonomy":"category","embeddable":true,"href":"https:\/\/www.sibuscascoche.com\/noticias\/wp-json\/wp\/v2\/categories?post=1894"},{"taxonomy":"post_tag","embeddable":true,"href":"https:\/\/www.sibuscascoche.com\/noticias\/wp-json\/wp\/v2\/tags?post=1894"}],"curies":[{"name":"wp","href":"https:\/\/api.w.org\/{rel}","templated":true}]}}