{"id":1846,"date":"2014-03-17T08:00:46","date_gmt":"2014-03-17T07:00:46","guid":{"rendered":"https:\/\/www.sibuscascoche.com\/noticias\/?p=1846"},"modified":"2014-03-16T20:45:49","modified_gmt":"2014-03-16T19:45:49","slug":"opel-zafira-tourer","status":"publish","type":"post","link":"https:\/\/www.sibuscascoche.com\/noticias\/2014\/opel-zafira-tourer\/","title":{"rendered":"Estilo y dinamismo, claves del Opel Zafira Tourer"},"content":{"rendered":"<p style=\"text-align: justify;\"><span style=\"line-height: 1.5em;\">Para todos aquellos esc\u00e9pticos que no ve\u00edan compatible el segmento monovolumen con los elementos de primera clase, Opel presenta su Zafira Tourer, un veh\u00edculo que conjuga estas dos premisas hasta lograr un dise\u00f1o impresionante y una versatilidad absoluta, apostando siempre por los sistemas de seguridad m\u00e1s avanzados.<\/span><\/p>\n<p style=\"text-align: justify;\"><img loading=\"lazy\" decoding=\"async\" class=\"alignright size-full wp-image-1850\" alt=\"Opel Zafira Tourer | Si Buscas Coche \" src=\"https:\/\/www.sibuscascoche.com\/noticias\/wp-content\/uploads\/2014\/03\/interior-Opel-Zafira-Tourer.jpg\" width=\"356\" height=\"200\" srcset=\"https:\/\/www.sibuscascoche.com\/noticias\/wp-content\/uploads\/2014\/03\/interior-Opel-Zafira-Tourer.jpg 356w, https:\/\/www.sibuscascoche.com\/noticias\/wp-content\/uploads\/2014\/03\/interior-Opel-Zafira-Tourer-300x168.jpg 300w\" sizes=\"auto, (max-width: 356px) 100vw, 356px\" \/>El Opel Zafira Tourer se caracteriza por un perfil moderno y unas l\u00edneas elegantes en las que, en un primer vistazo a su frontal, destacan sus faros con forma de boomerang y luz de conducci\u00f3n diurna, as\u00ed como su original parrilla trapezoidal. En la parte trasera, dotada con tecnolog\u00eda LED, los faros est\u00e1n unidos visualmente por la moldura horizontal que integra, a su vez, el logotipo del fabricante alem\u00e1n.<\/p>\n<p style=\"text-align: justify;\">Entrando en el interior del coche, priman los materiales suaves y una sofisticada iluminaci\u00f3n ambiental, tan habitual en la clase premium. Esta luminosidad del habit\u00e1culo se reafirma, adem\u00e1s, con el parabrisas panor\u00e1mico y el amplio techo solar. Los asientos delanteros permiten un gran margen de regulaci\u00f3n a los que siguen una segunda fila, de tres asientos con regulaci\u00f3n independiente, y la tercera, con otras dos plazas. En s\u00f3lo unos segundos, gracias a la extraordinaria flexibilidad Flex7, se puede pasar de siete a una sola plaza ya que los cinco asientos traseros se pliegan ocult\u00e1ndose en el suelo, consiguiendo una impresionante zona de carga. Y para culminar conviene destacar que este modelo incluye hasta 31 espacios portaobjetos, por lo que los ocupantes dispondr\u00e1n de un lugar para cada elemento: m\u00f3vil, tablet PC, botells, vasos, monedas, etc\u00e9tera.<\/p>\n<p><img loading=\"lazy\" decoding=\"async\" class=\"size-full wp-image-1851 alignleft\" alt=\"Opel Zafira Tourer | Sibuscascoche.com\" src=\"https:\/\/www.sibuscascoche.com\/noticias\/wp-content\/uploads\/2014\/03\/interior-2-Opel-Zafira-Tourer.jpg\" width=\"356\" height=\"200\" srcset=\"https:\/\/www.sibuscascoche.com\/noticias\/wp-content\/uploads\/2014\/03\/interior-2-Opel-Zafira-Tourer.jpg 356w, https:\/\/www.sibuscascoche.com\/noticias\/wp-content\/uploads\/2014\/03\/interior-2-Opel-Zafira-Tourer-300x168.jpg 300w\" sizes=\"auto, (max-width: 356px) 100vw, 356px\" \/>Por si fuera poco, el fabricante alem\u00e1n ha incluido numerosas tecnolog\u00edas de ayuda a la conducci\u00f3n, como sus m\u00faltiples sensores delanteros y traseros conectados al ordenador central, esta opci\u00f3n que incluso yuda a encontrar plaza de aparcamiento al pasar junto a un espacio adecuado. No menos importante es la C\u00e1mara de Visi\u00f3n Trasera (RVC), situada en el tirador del maletero y que se activa autom\u00e1ticamente con la marcha atr\u00e1s, que ofrece un generoso campo de visi\u00f3n de 130\u00ba en la pantalla central.<\/p>\n<p style=\"text-align: justify;\">El dinamismo de este veh\u00edculo lo marca el hecho de que el conductor pueda escoger un modo para cada estado de \u00e1nimo, a trav\u00e9s de un chasis adaptativo FlexRide que permite variar el comportamiento del Opel Zafira Tourer con s\u00f3lo pulsar un bot\u00f3n. El modo \u201cSport\u201d ajustar\u00e1 la respuesta de la direcci\u00f3n, el acelerador, el cambio autom\u00e1tico e, incluso, la iluminaci\u00f3n var\u00eda de blanco a rojo. En segundo lugar, el modo \u201cTour\u201d, apropiado para viajes largos, aumentar\u00e1 todav\u00eda m\u00e1s el confort; y por \u00faltimo, el modo \u201cNormal\u201d ofrecer\u00e1 unas condiciones \u00f3ptimas para los desplazamientos diarios.<\/p>\n<p style=\"text-align: justify;\">Se trata, en definitiva, de un monovolumen din\u00e1mico, confortable y atractivo con todos los lujos propios de la clase premium, un \u2018todo en uno\u2019 al que ning\u00fan conductor podr\u00e1 resistirse.<\/p>\n<p style=\"text-align: justify;\">\n","protected":false},"excerpt":{"rendered":"<p>Para todos aquellos esc\u00e9pticos que no ve\u00edan compatible el segmento monovolumen con los elementos de primera clase, Opel presenta su Zafira Tourer, un veh\u00edculo que conjuga estas dos premisas hasta<\/p>\n","protected":false},"author":1,"featured_media":1849,"comment_status":"closed","ping_status":"open","sticky":false,"template":"","format":"standard","meta":{"footnotes":""},"categories":[1,8],"tags":[116,41],"class_list":["post-1846","post","type-post","status-publish","format-standard","has-post-thumbnail","hentry","category-actualidad","category-lanzamientos","tag-monovolumen","tag-opel"],"_links":{"self":[{"href":"https:\/\/www.sibuscascoche.com\/noticias\/wp-json\/wp\/v2\/posts\/1846","targetHints":{"allow":["GET"]}}],"collection":[{"href":"https:\/\/www.sibuscascoche.com\/noticias\/wp-json\/wp\/v2\/posts"}],"about":[{"href":"https:\/\/www.sibuscascoche.com\/noticias\/wp-json\/wp\/v2\/types\/post"}],"author":[{"embeddable":true,"href":"https:\/\/www.sibuscascoche.com\/noticias\/wp-json\/wp\/v2\/users\/1"}],"replies":[{"embeddable":true,"href":"https:\/\/www.sibuscascoche.com\/noticias\/wp-json\/wp\/v2\/comments?post=1846"}],"version-history":[{"count":3,"href":"https:\/\/www.sibuscascoche.com\/noticias\/wp-json\/wp\/v2\/posts\/1846\/revisions"}],"predecessor-version":[{"id":1852,"href":"https:\/\/www.sibuscascoche.com\/noticias\/wp-json\/wp\/v2\/posts\/1846\/revisions\/1852"}],"wp:featuredmedia":[{"embeddable":true,"href":"https:\/\/www.sibuscascoche.com\/noticias\/wp-json\/wp\/v2\/media\/1849"}],"wp:attachment":[{"href":"https:\/\/www.sibuscascoche.com\/noticias\/wp-json\/wp\/v2\/media?parent=1846"}],"wp:term":[{"taxonomy":"category","embeddable":true,"href":"https:\/\/www.sibuscascoche.com\/noticias\/wp-json\/wp\/v2\/categories?post=1846"},{"taxonomy":"post_tag","embeddable":true,"href":"https:\/\/www.sibuscascoche.com\/noticias\/wp-json\/wp\/v2\/tags?post=1846"}],"curies":[{"name":"wp","href":"https:\/\/api.w.org\/{rel}","templated":true}]}}