{"id":1811,"date":"2014-03-09T11:18:47","date_gmt":"2014-03-09T10:18:47","guid":{"rendered":"https:\/\/www.sibuscascoche.com\/noticias\/?p=1811"},"modified":"2014-03-11T11:35:59","modified_gmt":"2014-03-11T10:35:59","slug":"para-ir-abriendo-boca-chevrolet-descubre-adra-concept","status":"publish","type":"post","link":"https:\/\/www.sibuscascoche.com\/noticias\/2014\/para-ir-abriendo-boca-chevrolet-descubre-adra-concept\/","title":{"rendered":"Para ir abriendo boca, Chevrolet descubre su Adra Concept"},"content":{"rendered":"<p style=\"text-align: justify;\">La duoc\u00e9cima edici\u00f3n del Sal\u00f3n del Autom\u00f3vil celebrada recientemente en Nueva Delhi fue el escenario escogido por numerosos fabricantes para la presentaci\u00f3n de nuevos conceptos de SUV y el gigante Chevrolet no pod\u00eda ser menos, teniendo en cuenta que se trata de la cuarta marca de coches m\u00e1s grande del mundo.<\/p>\n<p style=\"text-align: justify;\">Chevrolet Adra Concept es, al menos por el momento, un prototipo de pruebas pensado exclusivamente para moverse en el mercado indio, pues su dise\u00f1o corresponde al equipo de General Motors Technical Centre-India, en Bangalore. Es decir, se trata de una muestra de la capacidad de dise\u00f1o de esta casa pero que, en principio, no tendr\u00e1 un horizonte comercial, al menos en Europa. Enmarcado dentro del denominado segmento B, este SUV se caracteriza por unas dimensionesproporcionadas \u00a0-y su correspondiente altura con respecto al suelo que caracterizan a estos modelos- que contrasta con un amplio espacio interior.<\/p>\n<p><img loading=\"lazy\" decoding=\"async\" class=\"size-full wp-image-1816 alignright\" alt=\"chevrolet adra, coche ocasi\u00f3n\" src=\"https:\/\/www.sibuscascoche.com\/noticias\/wp-content\/uploads\/2014\/03\/chevrolet-adra-concept-01.jpg\" width=\"300\" height=\"194\" \/><\/p>\n<p style=\"text-align: justify;\">En cuanto a la carrocer\u00eda, \u00e9sta llama la atenci\u00f3n por su aspecto bicolor: negro en la parte superior y un intenso amarillo para el resto de la carrocer\u00eda. Este mismo juego, adem\u00e1s, se mantiene en el interior del habit\u00e1culo y se rompe con un cuadro de mandos digital emplazado en una pantalla de tama\u00f1o m\u00e1s que considerable. Todo muy meditado, como sucede habitualmente en las presentaciones de cualquier modelo de pruebas. Destacan asimismo las imponentes luces LED traseras. Las l\u00edneas generales, a diferencia de otros peque\u00f1os SUV, tienden a la forma cuadrada y se culminan con un magestuoso frontal. Quiz\u00e1 levemente desproporcionado en comparaci\u00f3n con las medidas del resto del coche.<\/p>\n<p style=\"text-align: justify;\">Lo que s\u00ed es un misterio es cualquier dato relativo a la mec\u00e1nica o la tracci\u00f3n de este original cinco puertas, as\u00ed que habr\u00e1 que esperar nuevas confirmaciones mientras se suceden las apuestas sobre la plataforma que se emplear\u00e1 en la producci\u00f3n.<\/p>\n<p style=\"text-align: justify;\">Excelentes niveles de calidad, dise\u00f1o expresivo, buenas prestaciones y su propia conectividad inteligente Chevrolet MyLink\u2013un sistema innovador y de f\u00e1cil uso que simplifica la sincronizaci\u00f3n de dispositivos tecnol\u00f3gicos del conductor con su veh\u00edculo- son cuatro de las claves del \u00e9xito de esta marca y que, como no pod\u00eda ser de otra forma, tambi\u00e9n se mantienen en este nuevo modelo del que todav\u00eda nos faltansecretos por desvelar. Eso s\u00ed, con este descubrimiento, que va m\u00e1s all\u00e1 de ser un simple prototipo, ya estamos m\u00e1s cerca de intuir c\u00f3mo podr\u00e1 ser el pr\u00f3ximo lanzamiento de esta marca nacida de la estadounidense General Motors.<\/p>\n","protected":false},"excerpt":{"rendered":"<p>La duoc\u00e9cima edici\u00f3n del Sal\u00f3n del Autom\u00f3vil celebrada recientemente en Nueva Delhi fue el escenario escogido por numerosos fabricantes para la presentaci\u00f3n de nuevos conceptos de SUV y el gigante<\/p>\n","protected":false},"author":1,"featured_media":1815,"comment_status":"closed","ping_status":"open","sticky":false,"template":"","format":"standard","meta":{"footnotes":""},"categories":[8],"tags":[164,40],"class_list":["post-1811","post","type-post","status-publish","format-standard","has-post-thumbnail","hentry","category-lanzamientos","tag-chevrolet","tag-salones-del-automovil"],"_links":{"self":[{"href":"https:\/\/www.sibuscascoche.com\/noticias\/wp-json\/wp\/v2\/posts\/1811","targetHints":{"allow":["GET"]}}],"collection":[{"href":"https:\/\/www.sibuscascoche.com\/noticias\/wp-json\/wp\/v2\/posts"}],"about":[{"href":"https:\/\/www.sibuscascoche.com\/noticias\/wp-json\/wp\/v2\/types\/post"}],"author":[{"embeddable":true,"href":"https:\/\/www.sibuscascoche.com\/noticias\/wp-json\/wp\/v2\/users\/1"}],"replies":[{"embeddable":true,"href":"https:\/\/www.sibuscascoche.com\/noticias\/wp-json\/wp\/v2\/comments?post=1811"}],"version-history":[{"count":5,"href":"https:\/\/www.sibuscascoche.com\/noticias\/wp-json\/wp\/v2\/posts\/1811\/revisions"}],"predecessor-version":[{"id":1819,"href":"https:\/\/www.sibuscascoche.com\/noticias\/wp-json\/wp\/v2\/posts\/1811\/revisions\/1819"}],"wp:featuredmedia":[{"embeddable":true,"href":"https:\/\/www.sibuscascoche.com\/noticias\/wp-json\/wp\/v2\/media\/1815"}],"wp:attachment":[{"href":"https:\/\/www.sibuscascoche.com\/noticias\/wp-json\/wp\/v2\/media?parent=1811"}],"wp:term":[{"taxonomy":"category","embeddable":true,"href":"https:\/\/www.sibuscascoche.com\/noticias\/wp-json\/wp\/v2\/categories?post=1811"},{"taxonomy":"post_tag","embeddable":true,"href":"https:\/\/www.sibuscascoche.com\/noticias\/wp-json\/wp\/v2\/tags?post=1811"}],"curies":[{"name":"wp","href":"https:\/\/api.w.org\/{rel}","templated":true}]}}