{"id":17989,"date":"2023-03-25T11:38:49","date_gmt":"2023-03-25T10:38:49","guid":{"rendered":"https:\/\/www.sibuscascoche.com\/noticias\/?p=17989"},"modified":"2023-11-11T11:01:56","modified_gmt":"2023-11-11T10:01:56","slug":"autovias-pago-vehiculos-ocasion-2","status":"publish","type":"post","link":"https:\/\/www.sibuscascoche.com\/noticias\/2023\/autovias-pago-vehiculos-ocasion-2\/","title":{"rendered":"Las autov\u00edas de pago en a\u00f1o electoral"},"content":{"rendered":"<p><\/p>\n<p>Actualmente Espa\u00f1a cuenta con 10.066 kil\u00f3metros de autov\u00edas estatales y 3608 km de autov\u00edas con titularidad auton\u00f3mica, por las que circulan a diario miles de <a href=\"https:\/\/www.sibuscascoche.com\/\" target=\"_blank\" rel=\"noreferrer noopener\">veh\u00edculos de ocasi\u00f3n<\/a> de forma gratuita. Aunque el Gobierno hab\u00eda planteado la posibilidad de incorporar un sistema de pago, propuesta que ha ido quedando en el olvido.<\/p>\n<p><\/p>\n<p><\/p>\n<p>Teniendo en cuenta el panorama actual, el Gobierno asegura que este tema volver\u00e1 a ser prioritario una vez que la incertidumbre econ\u00f3mica se haya solucionado. Por otra parte, teniendo en cuenta la proximidad de las elecciones municipales, no es conveniente para ning\u00fan partido pol\u00edtico anunciar una medida de tal revuelo social en plena campa\u00f1a.<\/p>\n<p><\/p>\n<p><\/p>\n<p>Esta propuesta ha quedado tan en el olvido que solo una de las casi mil propuestas que ha recibido el <strong>Proyecto de Ley de Movilidad Sostenible<\/strong>, tiene que ver con las autov\u00edas de pago. Dicha propuesta ha sido presentada por EH Bildu, el cual solicita que un a\u00f1o despu\u00e9s de que esta norma entre en vigor, se presente un informe que muestre las diferentes v\u00edas que existen para, de este modo, encontrar un mecanismo que permita financiar, al menos de forma parcial, el mantenimiento y modernizaci\u00f3n de las carreteras espa\u00f1olas.<\/p>\n<p><\/p>\n<p><\/p>\n<p>Recordemos que el d\u00e9ficit en conservaci\u00f3n de las carreteras nacionales es de 10.000 millones de euros seg\u00fan el informe sobre \u201c<strong>Necesidades de Inversi\u00f3n en Conservaci\u00f3n<\/strong>\u201d de la <strong>Asociaci\u00f3n Espa\u00f1ola de la Carretera (AEC).<\/strong><\/p>\n<p><\/p>\n<p><\/p>\n<h3 class=\"wp-block-heading\">LA POSTURA <strong>DE LAS CONCESIONARIAS<\/strong><\/h3>\n<p><\/p>\n<p><\/p>\n<p>Las concesionarias siempre han defendido la postura de la incorporaci\u00f3n de peajes en las autov\u00edas. Inspir\u00e1ndose de los pa\u00edses de Europa que previamente han apostado por estos modelos, encontramos dos que podr\u00edan adaptar a Espa\u00f1a:<\/p>\n<p><\/p>\n<p><\/p>\n<p>\u00b7&nbsp;&nbsp;&nbsp;&nbsp;&nbsp; <strong>Peajes vi\u00f1eta:<\/strong> tarifa plana anual, que deber\u00edan pagar todos los conductores que quieran circular por estas carreteras.<\/p>\n<p><\/p>\n<p><\/p>\n<p>\u00b7\u00a0\u00a0\u00a0\u00a0\u00a0 <strong>Pago por uso: <\/strong>se trata de un peaje blando en el que solo se tendr\u00eda que pagar en funci\u00f3n de los km que se recorren.<\/p>\n<p><\/p>\n<p><\/p>\n<p>Se considerar\u00eda implementar el primer modelo y evolucionar hasta el segundo con el fin de que los veh\u00edculos que m\u00e1s utilicen las autov\u00edas sean los que m\u00e1s paguen.<\/p>\n<p><\/p>\n<p><\/p>\n<h3 class=\"wp-block-heading\"><strong>AYUDAS EUROP<\/strong>EAS<\/h3>\n<p><\/p>\n<p><\/p>\n<p>Aplazar las autov\u00edas de pago ha puesto el punto de mira en otro objetivo: las ayudas de Europa. Se incluyen en el <strong>Plan de Transformaci\u00f3n y Resiliencia<\/strong>, esto se trata de las reformas que Espa\u00f1a debe llevar a cabo para acceder a los fondos europeos de 140.000 millones de euros.<\/p>\n<p><\/p>\n<p><\/p>\n<p>A pesar de esto, es algo que no corre peligro, al tratarse de una propuesta acordada con Europa y no \u201cuna exigencia taxativa\u201d para obtener el apoyo econ\u00f3mico de Bruselas.&nbsp;<\/p>\n<p><\/p>\n","protected":false},"excerpt":{"rendered":"<p>Actualmente Espa\u00f1a cuenta con 10.066 kil\u00f3metros de autov\u00edas estatales y 3608 km de autov\u00edas con titularidad auton\u00f3mica, por las que circulan a diario miles de veh\u00edculos de ocasi\u00f3n de forma<\/p>\n","protected":false},"author":6,"featured_media":17991,"comment_status":"closed","ping_status":"open","sticky":false,"template":"","format":"standard","meta":{"footnotes":""},"categories":[1],"tags":[1085],"class_list":["post-17989","post","type-post","status-publish","format-standard","has-post-thumbnail","hentry","category-actualidad","tag-vehiculos-de-ocasion"],"_links":{"self":[{"href":"https:\/\/www.sibuscascoche.com\/noticias\/wp-json\/wp\/v2\/posts\/17989","targetHints":{"allow":["GET"]}}],"collection":[{"href":"https:\/\/www.sibuscascoche.com\/noticias\/wp-json\/wp\/v2\/posts"}],"about":[{"href":"https:\/\/www.sibuscascoche.com\/noticias\/wp-json\/wp\/v2\/types\/post"}],"author":[{"embeddable":true,"href":"https:\/\/www.sibuscascoche.com\/noticias\/wp-json\/wp\/v2\/users\/6"}],"replies":[{"embeddable":true,"href":"https:\/\/www.sibuscascoche.com\/noticias\/wp-json\/wp\/v2\/comments?post=17989"}],"version-history":[{"count":3,"href":"https:\/\/www.sibuscascoche.com\/noticias\/wp-json\/wp\/v2\/posts\/17989\/revisions"}],"predecessor-version":[{"id":18003,"href":"https:\/\/www.sibuscascoche.com\/noticias\/wp-json\/wp\/v2\/posts\/17989\/revisions\/18003"}],"wp:featuredmedia":[{"embeddable":true,"href":"https:\/\/www.sibuscascoche.com\/noticias\/wp-json\/wp\/v2\/media\/17991"}],"wp:attachment":[{"href":"https:\/\/www.sibuscascoche.com\/noticias\/wp-json\/wp\/v2\/media?parent=17989"}],"wp:term":[{"taxonomy":"category","embeddable":true,"href":"https:\/\/www.sibuscascoche.com\/noticias\/wp-json\/wp\/v2\/categories?post=17989"},{"taxonomy":"post_tag","embeddable":true,"href":"https:\/\/www.sibuscascoche.com\/noticias\/wp-json\/wp\/v2\/tags?post=17989"}],"curies":[{"name":"wp","href":"https:\/\/api.w.org\/{rel}","templated":true}]}}