{"id":1797,"date":"2014-03-08T11:35:07","date_gmt":"2014-03-08T10:35:07","guid":{"rendered":"https:\/\/www.sibuscascoche.com\/noticias\/?p=1797"},"modified":"2015-06-23T17:36:27","modified_gmt":"2015-06-23T15:36:27","slug":"bmw-promete-sorprender-84-salon-automovil-ginebra","status":"publish","type":"post","link":"https:\/\/www.sibuscascoche.com\/noticias\/2014\/bmw-promete-sorprender-84-salon-automovil-ginebra\/","title":{"rendered":"BMW promete sorprender en el 84 Sal\u00f3n del Autom\u00f3vil de Ginebra"},"content":{"rendered":"<p>BMW presentar\u00e1 en primicia, en el Sal\u00f3n Internacional del Autom\u00f3vil de Ginebra que se\u00a0celebra del 6 al 11 de marzo, las nuevas series de autom\u00f3viles de la firma alemana, siempre en\u00a0sinton\u00eda con las preferencias y expectativas de sus clientes.<\/p>\n<p>El nuevo BMW Serie 2 Active Tourer , el BMW Serie 4 Gran Coup\u00e9, la segunda generaci\u00f3n del\u00a0exitoso BMW X3, el Serie 2 Coup\u00e9 y la nueva berlina M3, as\u00ed como el Coup\u00e9 M4, BMW i3 y las\u00a0novedades del BMW i8 formar\u00e1n parte del elenco de modelos que presentar\u00e1, en exclusiva, a\u00a0los amantes de la marca.<\/p>\n<p><b>BMW Serie 2 Active Tourer. Versatilidad espacial y funcional<\/b><\/p>\n<p>Completamente nuevo, el compacto BMW Serie 2 Active Tourer se caracteriza por su\u00a0espaciosidad funcional en el que su alto nivel de confort y la versatilidad de su espacio\u00a0refuerzan los valores BMW: dinamismo, estilo y elegancia.<\/p>\n<p style=\"text-align: justify;\">Si hablamos de la eficiencia de sus prestaciones BMW Serie 2 Active Tourer tenemos que\u00a0hablar, sin duda, de los nuevos motores turbo de tres y cuatro cilindros y de las soluciones de\u00a0BMW EfficientDynamics que se potencian gracias con su inclusi\u00f3n en la red a trav\u00e9s de\u00a0BMW ConnectedDrive. Versatilidad, funcionalidad y dinamismo que responden, adem\u00e1s, a las\u00a0ventajas que proporciona el moderno sistema de tracci\u00f3n frontal que el nuevo compacto\u00a0BMW Serie 2 Active Tourer presentar\u00e1 en el Sal\u00f3n del Autom\u00f3vil de Ginebra.<\/p>\n<p><b>El BMW Serie 4 Gran Coup\u00e9. El nuevo referente en elegancia y extravagancia<\/b><\/p>\n<p><img loading=\"lazy\" decoding=\"async\" class=\"alignleft size-full wp-image-1821\" alt=\"bmw serie 4, coche km0\" src=\"https:\/\/www.sibuscascoche.com\/noticias\/wp-content\/uploads\/2014\/03\/bwm-ginebra-2014.jpg\" width=\"300\" height=\"225\" \/><\/p>\n<p style=\"text-align: justify;\">La marca alemana tambi\u00e9n presentar\u00e1, en exclusiva mundial, el nuevo BMW Serie 4 Gran\u00a0Coup\u00e9 ampliando as\u00ed su gama de modelos coup\u00e9s de cuatro puertas. El sector m\u00e1s selecto del\u00a0segmento medio.<\/p>\n<p style=\"text-align: justify;\">Modelos de equilibradas proporciones y de ancho y din\u00e1mico dise\u00f1o son las se\u00f1as de\u00a0identidad de esta serie coup\u00e9s que los diferencian claramente de cualquier otro modelo medio\u00a0anterior. Prueba de ello es que el auna las virtudes est\u00e9ticas de un coup\u00e9 de dos puertas y la\u00a0funcionalidad de un cuatro puertas, espacioso y con maletero de apertura en gran \u00e1ngulo.<\/p>\n<p style=\"text-align: justify;\">El nuevo BMW Serie 4 Gran Coup\u00e9 saldr\u00e1 al mercado con cinco potentes, y econ\u00f3micos,\u00a0motores que abarcan una potencia de entre los 105 kW\/143 CV del BMW 418d Gran Coup\u00e9\u00a0(consumo urbano\/interurbano\/combinado: 5,4\/4,0\/4,5 l\/100 km; emisiones combinadas de\u00a0CO2: 119 g\/km) y los 225 kW\/306 CV del BMW 435i Gran Coup\u00e9 (consumo\u00a0urbano\/interurbano\/combinado: 11,4\/6,2\/8,1 l\/100 km; emisiones combinadas de CO2:\u00a0189 g\/km).<\/p>\n<p><b>BMW X3. Nueva generaci\u00f3n del m\u00e1s grande<\/b><\/p>\n<p style=\"text-align: justify;\">Tras diez a\u00f1os y despu\u00e9s de m\u00e1s de un mill\u00f3n de unidades vendidas del BMW X3, dentro de\u00a0Sport Activity Vehicles (SAV), este modelo es claro sin\u00f3nimo de dinamismo deportivo, espacio\u00a0ecl\u00e9ctico y robusta agilidad. La nueva generaci\u00f3n de este modelo se caracteriza por el\u00a0moderado consumo de los dos motores di\u00e9sel de nueva generaci\u00f3n, m\u00e1s potentes y de\u00a0menor consumo, con los que se logra reducir as\u00ed las emisiones de gases nocivos. La nueva\u00a0generaci\u00f3n del BMW X3, de indiscutible \u00e9xito, es el m\u00e1s espacioso, con el maletero m\u00e1s\u00a0voluminoso y vers\u00e1til.<\/p>\n<p><b>BMW Serie 2 Coup\u00e9. Dinamismo y maniobrabilidad<\/b><\/p>\n<p style=\"text-align: justify;\">En estreno para Europa, la marca alemana de automovilismo presentar\u00e1 en Ginebra el nuevo\u00a0BMW Serie 2 Coup\u00e9. Mayor en dimensiones espaciales, con motores m\u00e1s deportivos que su\u00a0antecesor el Serie 1 (consumo combinado de combustible: 8,0\u20133,8 l\/100 km; emisiones\u00a0combinadas de CO2: 188\u201399 g\/km) y el nuevo reglaje de su chasis. La sofisticada tecnolog\u00eda\u00a0del chasis, la distribuci\u00f3n equilibrada (50:50) del peso entre los ejes y el sistema de tracci\u00f3n\u00a0trasera hacen de la Serie Coup\u00e9 un referente en din\u00e1mica y maniobrabilidad.<\/p>\n<p><b>Berlina BMW M3 y M4 Coup\u00e9. Reinterpretando la tecnolog\u00eda de motor<\/b><\/p>\n<p style=\"text-align: justify;\">BMW da una vuelta de tuerca a sus deportivos de altas prestaciones con la nueva\u00a0interpretaci\u00f3n de su nueva berlina M3 y el nuevo coup\u00e9 M4. Con motores de seis cilindros en\u00a0l\u00ednea con tecnolog\u00eda M TwinPower Turbo y de altas revoluciones tienen una potencia m\u00e1xima\u00a0de 317 kW\/431 CV. Su par motor m\u00e1ximo es de 550 Nm, superando el par m\u00e1ximo del M3 en\u00a0cerca de un 40%. Si hablamos sobre consumo y emisiones estas son inferiores en alrededor del\u00a025%. En ambos modelos, adem\u00e1s, tanto la berlina BMW M3 como el BMW M4 Coup\u00e9 paran el\u00a0crono en 4,1 segundos (con la caja opcional M de siete marchas y doble embrague) al acelerar\u00a0de 0 a 100 km\/h.<\/p>\n<p><b>BMW i3 y BMW i8. La apuesta por la movilidad el\u00e9ctrica<\/b><\/p>\n<p style=\"text-align: justify;\"><img loading=\"lazy\" decoding=\"async\" class=\"size-full wp-image-1823 alignright\" alt=\"bmw i8\" src=\"https:\/\/www.sibuscascoche.com\/noticias\/wp-content\/uploads\/2014\/03\/bmw-i8.jpg\" width=\"300\" height=\"225\" \/>BMW piensa en clave de futuro y muestra de ese compromiso y diferencia es la serie BMW i.\u00a0Para los amantes del ecoautomovilismo la firma alemana presentar\u00e1 en Ginebra, al mismo\u00a0tiempo, su primer coche 100% el\u00e9ctrico fabricado en grandes series y el coche deportivo m\u00e1s\u00a0innovador del mercado. Ambos, dise\u00f1ados y fabricados bajo las directrices de la sostenibilidad\u00a0y la calidad, se\u00f1a de la casa.<\/p>\n<p>Los expertos del BMW Group han sido los encargados de desarrollar los motores el\u00e9ctricos y\u00a0las bater\u00edas de i\u00f3n-litio de alto voltaje, adem\u00e1s de su exclusiva arquitectura LifeDrive con un\u00a0habit\u00e1culo de pol\u00edmero reforzado con fibra de carbono (PRFC) con lo que el peso se reduce.\u00a0Otra de sus caracter\u00edsticas son los faros opcionales de rayos l\u00e1ser que permiten una capacidad\u00a0lum\u00ednica tres veces mayor y un consumo de energ\u00eda m\u00ednimo.<\/p>\n<p><b>BMW ConnectedDrive. Servicios en red de movilidad, asistencia y seguridad<\/b><\/p>\n<p style=\"text-align: justify;\">El Sal\u00f3n del Autom\u00f3vil de Ginebra ser\u00e1 testigo, adem\u00e1s, de la presentaci\u00f3n de\u00a0BMW ConnectedDrive con una amplia gama de sistemas de asistencia y seguridad adem\u00e1s de\u00a0una oferta de servicios de movilidad, \u00fanica en el mercado, que ahora puede activarse<br \/>\nmientras se viaja. A trav\u00e9s de la tienda BMW ConnectedDrive Store se pueden contratar\u00a0aplicaciones en cualquier momento como el Concierge Service, un asistente personal las 24\u00a0horas al d\u00eda.<\/p>\n<p style=\"text-align: justify;\">Est\u00e1 claro que el Sal\u00f3n Internacional del Autom\u00f3vil de Ginebra que se celebrar\u00e1 del 6 al 11 de\u00a0marzo promete sorpresas, innovaci\u00f3n y revoluciones, muchas revoluciones, de la mano de\u00a0BMW. \u00a1Os esperamos!<\/p>\n","protected":false},"excerpt":{"rendered":"<p>BMW presentar\u00e1 en primicia, en el Sal\u00f3n Internacional del Autom\u00f3vil de Ginebra que se\u00a0celebra del 6 al 11 de marzo, las nuevas series de autom\u00f3viles de la firma alemana, siempre<\/p>\n","protected":false},"author":1,"featured_media":1820,"comment_status":"closed","ping_status":"open","sticky":false,"template":"","format":"standard","meta":{"footnotes":""},"categories":[1,9],"tags":[111,40],"class_list":["post-1797","post","type-post","status-publish","format-standard","has-post-thumbnail","hentry","category-actualidad","category-eventos","tag-bmw","tag-salones-del-automovil"],"_links":{"self":[{"href":"https:\/\/www.sibuscascoche.com\/noticias\/wp-json\/wp\/v2\/posts\/1797","targetHints":{"allow":["GET"]}}],"collection":[{"href":"https:\/\/www.sibuscascoche.com\/noticias\/wp-json\/wp\/v2\/posts"}],"about":[{"href":"https:\/\/www.sibuscascoche.com\/noticias\/wp-json\/wp\/v2\/types\/post"}],"author":[{"embeddable":true,"href":"https:\/\/www.sibuscascoche.com\/noticias\/wp-json\/wp\/v2\/users\/1"}],"replies":[{"embeddable":true,"href":"https:\/\/www.sibuscascoche.com\/noticias\/wp-json\/wp\/v2\/comments?post=1797"}],"version-history":[{"count":6,"href":"https:\/\/www.sibuscascoche.com\/noticias\/wp-json\/wp\/v2\/posts\/1797\/revisions"}],"predecessor-version":[{"id":1824,"href":"https:\/\/www.sibuscascoche.com\/noticias\/wp-json\/wp\/v2\/posts\/1797\/revisions\/1824"}],"wp:featuredmedia":[{"embeddable":true,"href":"https:\/\/www.sibuscascoche.com\/noticias\/wp-json\/wp\/v2\/media\/1820"}],"wp:attachment":[{"href":"https:\/\/www.sibuscascoche.com\/noticias\/wp-json\/wp\/v2\/media?parent=1797"}],"wp:term":[{"taxonomy":"category","embeddable":true,"href":"https:\/\/www.sibuscascoche.com\/noticias\/wp-json\/wp\/v2\/categories?post=1797"},{"taxonomy":"post_tag","embeddable":true,"href":"https:\/\/www.sibuscascoche.com\/noticias\/wp-json\/wp\/v2\/tags?post=1797"}],"curies":[{"name":"wp","href":"https:\/\/api.w.org\/{rel}","templated":true}]}}