{"id":17942,"date":"2023-05-08T14:12:49","date_gmt":"2023-05-08T12:12:49","guid":{"rendered":"https:\/\/www.sibuscascoche.com\/noticias\/?p=17942"},"modified":"2023-11-11T11:01:56","modified_gmt":"2023-11-11T10:01:56","slug":"claves-carne-conducir-jovenes-17-anos-coche-segunda-mano","status":"publish","type":"post","link":"https:\/\/www.sibuscascoche.com\/noticias\/2023\/claves-carne-conducir-jovenes-17-anos-coche-segunda-mano\/","title":{"rendered":"Carn\u00e9 de conducir a los 17 a\u00f1os, claves"},"content":{"rendered":"<p><\/p>\n<p>Con el objetivo de modernizar los permisos de conducci\u00f3n de los estados miembros, la Comisi\u00f3n Europea ha propuesto que los j\u00f3venes puedan obtener su carn\u00e9 de conducir a los 17 a\u00f1os. Esta norma implicar\u00eda que los j\u00f3venes podr\u00edan conducir tanto un veh\u00edculo nuevo, como un <a rel=\"noreferrer noopener\" href=\"https:\/\/sibuscascoche.com\/coches-km0\" target=\"_blank\">coche de segunda mano<\/a>, ambos disponibles en nuestro <a rel=\"noreferrer noopener\" href=\"https:\/\/sibuscascoche.com\/\" target=\"_blank\">Concesionario Galicia.<\/a><\/p>\n<p><\/p>\n<p><\/p>\n<p>A primera vista, esta nueva norma considerada contraproducente por muchos, est\u00e1 sujeta a varias condiciones, veamos:<\/p>\n<p><\/p>\n<p><\/p>\n<h2 class=\"wp-block-heading\">Siempre acompa\u00f1ados de un adulto<\/h2>\n<p><\/p>\n<p><\/p>\n<p>Los j\u00f3venes deber\u00e1n ir acompa\u00f1ados de un adulto de <strong>m\u00e1s <\/strong>de <strong>25 a\u00f1os<\/strong> y que cuente, m\u00ednimo, con<strong> 5<\/strong> a\u00f1os de carn\u00e9. Esto ser\u00e1 obligatorio hasta que el conductor cumpla la mayor\u00eda de edad.<\/p>\n<p><\/p>\n<p><\/p>\n<p>La raz\u00f3n principal para dar este paso ser\u00edan los grandes beneficios que tendr\u00eda para la seguridad vial iniciar a los conductores a una edad m\u00e1s temprana y completar todo un a\u00f1o bajo supervisi\u00f3n de un conductor m\u00e1s experimentado.<\/p>\n<p><\/p>\n<p><\/p>\n<p>La conducci\u00f3n acompa\u00f1ada antes de la mayor\u00eda de edad ya est\u00e1 en vigor en algunos pa\u00edses como Austria y Alemania y la Comisi\u00f3n Europea defiende que ha tenido un impacto muy positivo en la seguridad vial.<\/p>\n<p><\/p>\n<p><\/p>\n<h2 class=\"wp-block-heading\">Tasa 0 de alcoholemia<\/h2>\n<p><\/p>\n<p><\/p>\n<p>Actualmente, la DGT establece, en conductores n\u00f3veles, una tasa de alcohol m\u00e1xima permitida de 0,15 miligramos en aire aspirado y de 0,3 gramos por litro en sangre.<\/p>\n<p><\/p>\n<p><\/p>\n<p>Con esta nueva norma, estas cifras cambiar\u00edan. Durante los dos primeros a\u00f1os, los conductores no podr\u00e1n consumir <strong>nada <\/strong>de alcohol al volante. Esto se debe a que la mayor parte de los accidentes mortales causados por el consumo de alcohol, tienen como perfil un conductor menor de 30 a\u00f1os propietario de un autom\u00f3vil nuevo o coche de segunda mano.<\/p>\n<p><\/p>\n<p><\/p>\n<h2 class=\"wp-block-heading\">Mayor formaci\u00f3n en seguridad vial<\/h2>\n<p><\/p>\n<p><\/p>\n<div class=\"wp-block-image\">\n<figure class=\"alignright size-large\"><img loading=\"lazy\" decoding=\"async\" width=\"300\" height=\"200\" src=\"https:\/\/www.sibuscascoche.com\/noticias\/wp-content\/uploads\/2023\/03\/paso-de-peatones-coche-de-segunda-mano-1.jpg\" alt=\"\" class=\"wp-image-17949\"\/><\/figure>\n<\/div>\n<p><\/p>\n<p><\/p>\n<p>El principal objetivo es <strong>mejorar la seguridad vial <\/strong>en carretera, evitando que se produzcan v\u00edctimas mortales en accidentes de tr\u00e1fico para el a\u00f1o 2050. Por esta raz\u00f3n, se har\u00e1 hincapi\u00e9 en la importancia de circular de manera segura,\u00a0recordando aquellos grupos <strong>m\u00e1s vulnerables<\/strong>, pues los peatones, ciclistas y conductores de patinetes el\u00e9ctricos son los que registran un mayor aumento de defunciones en carretera.<\/p>\n<p><\/p>\n<p><\/p>\n<h2 class=\"wp-block-heading\">Diversidad de opiniones<\/h2>\n<p><\/p>\n<p><\/p>\n<p>En nuestro pa\u00eds, Nuria Alonso, portavoz de movilidad y seguridad de la Fundaci\u00f3n RACE, est\u00e1 de acuerdo con la medida anunciada por la Comunidad Europea, puesto que implica introducir antes a los j\u00f3venes en la <strong>movilidad segura<\/strong> y hacerles part\u00edcipes de la <strong>responsabilidad<\/strong> que supone circular con un veh\u00edculo.<\/p>\n<p><\/p>\n<p><\/p>\n<p>Adem\u00e1s, valora que se les permita obtener el permiso C para as\u00ed poder acceder a ciertas profesiones que ahora mismo no cuentan con trabajadores suficientes.<\/p>\n<p><\/p>\n<p><\/p>\n<p>Por otro lado, el presidente de la Asociaci\u00f3n de V\u00edctimas de Accidentes DIA, Paco Canes, <strong>no <\/strong>considera que esta norma vaya a beneficiar la seguridad vial. Teniendo en cuenta que existe un pico de accidentes en conductores de hasta 25 a\u00f1os,  opina que se est\u00e1 asumiendo un riesgo innecesario que puede producir un aumento de la siniestralidad, por lo que ser\u00eda mejor idea permanecer en la misma situaci\u00f3n que hasta ahora.<\/p>\n<p><\/p>\n","protected":false},"excerpt":{"rendered":"<p>Con el objetivo de modernizar los permisos de conducci\u00f3n de los estados miembros, la Comisi\u00f3n Europea ha propuesto que los j\u00f3venes puedan obtener su carn\u00e9 de conducir a los 17<\/p>\n","protected":false},"author":6,"featured_media":17943,"comment_status":"closed","ping_status":"open","sticky":false,"template":"","format":"standard","meta":{"footnotes":""},"categories":[1],"tags":[697,1054,196],"class_list":["post-17942","post","type-post","status-publish","format-standard","has-post-thumbnail","hentry","category-actualidad","tag-carnet-de-conducir","tag-coche-de-segunda-mano","tag-normativa"],"_links":{"self":[{"href":"https:\/\/www.sibuscascoche.com\/noticias\/wp-json\/wp\/v2\/posts\/17942","targetHints":{"allow":["GET"]}}],"collection":[{"href":"https:\/\/www.sibuscascoche.com\/noticias\/wp-json\/wp\/v2\/posts"}],"about":[{"href":"https:\/\/www.sibuscascoche.com\/noticias\/wp-json\/wp\/v2\/types\/post"}],"author":[{"embeddable":true,"href":"https:\/\/www.sibuscascoche.com\/noticias\/wp-json\/wp\/v2\/users\/6"}],"replies":[{"embeddable":true,"href":"https:\/\/www.sibuscascoche.com\/noticias\/wp-json\/wp\/v2\/comments?post=17942"}],"version-history":[{"count":11,"href":"https:\/\/www.sibuscascoche.com\/noticias\/wp-json\/wp\/v2\/posts\/17942\/revisions"}],"predecessor-version":[{"id":17972,"href":"https:\/\/www.sibuscascoche.com\/noticias\/wp-json\/wp\/v2\/posts\/17942\/revisions\/17972"}],"wp:featuredmedia":[{"embeddable":true,"href":"https:\/\/www.sibuscascoche.com\/noticias\/wp-json\/wp\/v2\/media\/17943"}],"wp:attachment":[{"href":"https:\/\/www.sibuscascoche.com\/noticias\/wp-json\/wp\/v2\/media?parent=17942"}],"wp:term":[{"taxonomy":"category","embeddable":true,"href":"https:\/\/www.sibuscascoche.com\/noticias\/wp-json\/wp\/v2\/categories?post=17942"},{"taxonomy":"post_tag","embeddable":true,"href":"https:\/\/www.sibuscascoche.com\/noticias\/wp-json\/wp\/v2\/tags?post=17942"}],"curies":[{"name":"wp","href":"https:\/\/api.w.org\/{rel}","templated":true}]}}