{"id":17713,"date":"2023-01-18T13:11:00","date_gmt":"2023-01-18T12:11:00","guid":{"rendered":"https:\/\/www.sibuscascoche.com\/noticias\/?p=17713"},"modified":"2023-01-19T13:11:22","modified_gmt":"2023-01-19T12:11:22","slug":"coste-cargar-vehiculos-ocasion-electricos","status":"publish","type":"post","link":"https:\/\/www.sibuscascoche.com\/noticias\/2023\/coste-cargar-vehiculos-ocasion-electricos\/","title":{"rendered":"\u00bfEs muy caro recargar un coche el\u00e9ctrico?"},"content":{"rendered":"<p><\/p>\n<p>Poco a poco la sociedad se est\u00e1 pasando a la movilidad el\u00e9ctrica, pero todav\u00eda existen muchas dudas entre los conductores. La mayor\u00eda de usuarios coinciden en que les resulta dif\u00edcil elegir un coche el\u00e9ctrico porque desconocen su funcionamiento y su fiabilidad. Adem\u00e1s, las recientes subidas de la luz han a\u00f1adido una nueva inc\u00f3gnita para ellos, \u00bfcu\u00e1nto cuesta ahora cargar un coche el\u00e9ctrico? En este art\u00edculo resolvemos algunas de tus dudas y te damos consejos para elegir <a href=\"https:\/\/www.sibuscascoche.com\/ofertas-del-mes\" target=\"_blank\" rel=\"noreferrer noopener\">veh\u00edculos de ocasi\u00f3n<\/a> el\u00e9ctricos.<\/p>\n<p><\/p>\n<p><\/p>\n<h2 class=\"wp-block-heading\">\u00bfCu\u00e1nto cuesta cargar un coche el\u00e9ctrico en casa?<\/h2>\n<p><\/p>\n<p><\/p>\n<p>Es imposible conocer con certeza cu\u00e1nto te va a costar cargar tu nuevo coche el\u00e9ctrico. El precio va a variar en funci\u00f3n de la hora, el tipo de coche, el lugar de carga o la potencia contratada. Pero nos encontramos con la ventaja de poder recargarlo desde casa. Para ello, vas a necesitar instalar un punto de carga. Es la opci\u00f3n m\u00e1s recomendable. <\/p>\n<p><\/p>\n<p><\/p>\n<p>Puedes montar el punto en un garaje privado o comunitario, la instalaci\u00f3n te costar\u00e1 alrededor de los 1.000 euros. Una inversi\u00f3n inicial importante pero que te ahorrar\u00e1 mucho dinero en el futuro. En funci\u00f3n de la compa\u00f1\u00eda con que contratemos los servicios de luz y de tu contrato, el precio de carga puede variar much\u00edsimo. Nuestra recomendaci\u00f3n es que realices la carga por la noche, cuando la tarifa de la luz es m\u00e1s barata. Para que tengas una referencia aproximada, un coche con una bater\u00eda de 60 kWh de capacidad neta y un precio por kWh de 0,213 euros, el coste de la recarga es de 12,78 euros. Por esa cantidad podr\u00edamos recorrer una distancia superior a los 400 kil\u00f3metros.<\/p>\n<p><\/p>\n<p><\/p>\n<h2 class=\"wp-block-heading\">\u00bfCu\u00e1nto cuesta cargar un coche el\u00e9ctrico en puntos de recarga y electrolineras?<\/h2>\n<p><\/p>\n<p><\/p>\n<div class=\"wp-block-image\">\n<figure class=\"alignright size-large\"><img loading=\"lazy\" decoding=\"async\" width=\"300\" height=\"200\" src=\"https:\/\/www.sibuscascoche.com\/noticias\/wp-content\/uploads\/2022\/12\/coche-seminuevo-electrico.jpg\" alt=\"vehiculos de ocasion, coche seminuevo, coches electricos, puntos de carga, cargar coche elecrtrico\" class=\"wp-image-17715\"\/><\/figure>\n<\/div>\n<p><\/p>\n<p><\/p>\n<p>Cada vez encontramos m\u00e1s puntos de carga en nuestro pa\u00eds, pero todav\u00eda estamos a la cola de la media europea. Lo m\u00e1s seguro es que el coste sea mayor que si lo recargas en casa, pero va a depender de factores como la potencia o la compa\u00f1\u00eda. Recargar un coche con bater\u00eda de 60 kWh puede suponer un coste entre los 17,4 y los 26,76 euros. Ten en cuenta que cuanto m\u00e1s baja sea la potencia de carga m\u00e1s tiempo deberemos tener el coche conectado a la toma.<\/p>\n<p><\/p>\n<p><\/p>\n<p>Si quieres cargar tu <a href=\"https:\/\/www.sibuscascoche.com\/\" target=\"_blank\" rel=\"noreferrer noopener\">coche seminuevo<\/a> el\u00e9ctrico gratis, puedes acercarte a los puntos de carga de centros comerciales, supermercados o restaurantes. Ten en cuenta que la potencia de carga es muy baja, por debajo de los 2,3 kW.<br \/>Aqu\u00ed os dejamos algunas referencias para que hagas tus c\u00e1lculos mentales y realices la inversi\u00f3n que necesitas.<\/p>\n<p><\/p>\n","protected":false},"excerpt":{"rendered":"<p>Poco a poco la sociedad se est\u00e1 pasando a la movilidad el\u00e9ctrica, pero todav\u00eda existen muchas dudas entre los conductores. La mayor\u00eda de usuarios coinciden en que les resulta dif\u00edcil<\/p>\n","protected":false},"author":6,"featured_media":17716,"comment_status":"closed","ping_status":"open","sticky":false,"template":"","format":"standard","meta":{"footnotes":""},"categories":[1,6],"tags":[1671,220,1085],"class_list":["post-17713","post","type-post","status-publish","format-standard","has-post-thumbnail","hentry","category-actualidad","category-mantenimiento-consejos","tag-cargar-coche-electricos","tag-coches-electricos","tag-vehiculos-de-ocasion"],"_links":{"self":[{"href":"https:\/\/www.sibuscascoche.com\/noticias\/wp-json\/wp\/v2\/posts\/17713","targetHints":{"allow":["GET"]}}],"collection":[{"href":"https:\/\/www.sibuscascoche.com\/noticias\/wp-json\/wp\/v2\/posts"}],"about":[{"href":"https:\/\/www.sibuscascoche.com\/noticias\/wp-json\/wp\/v2\/types\/post"}],"author":[{"embeddable":true,"href":"https:\/\/www.sibuscascoche.com\/noticias\/wp-json\/wp\/v2\/users\/6"}],"replies":[{"embeddable":true,"href":"https:\/\/www.sibuscascoche.com\/noticias\/wp-json\/wp\/v2\/comments?post=17713"}],"version-history":[{"count":3,"href":"https:\/\/www.sibuscascoche.com\/noticias\/wp-json\/wp\/v2\/posts\/17713\/revisions"}],"predecessor-version":[{"id":17742,"href":"https:\/\/www.sibuscascoche.com\/noticias\/wp-json\/wp\/v2\/posts\/17713\/revisions\/17742"}],"wp:featuredmedia":[{"embeddable":true,"href":"https:\/\/www.sibuscascoche.com\/noticias\/wp-json\/wp\/v2\/media\/17716"}],"wp:attachment":[{"href":"https:\/\/www.sibuscascoche.com\/noticias\/wp-json\/wp\/v2\/media?parent=17713"}],"wp:term":[{"taxonomy":"category","embeddable":true,"href":"https:\/\/www.sibuscascoche.com\/noticias\/wp-json\/wp\/v2\/categories?post=17713"},{"taxonomy":"post_tag","embeddable":true,"href":"https:\/\/www.sibuscascoche.com\/noticias\/wp-json\/wp\/v2\/tags?post=17713"}],"curies":[{"name":"wp","href":"https:\/\/api.w.org\/{rel}","templated":true}]}}