{"id":17708,"date":"2023-01-16T13:07:00","date_gmt":"2023-01-16T12:07:00","guid":{"rendered":"https:\/\/www.sibuscascoche.com\/noticias\/?p=17708"},"modified":"2023-01-19T13:08:34","modified_gmt":"2023-01-19T12:08:34","slug":"conducir-baja-laboral-coche-segunda-mano","status":"publish","type":"post","link":"https:\/\/www.sibuscascoche.com\/noticias\/2023\/conducir-baja-laboral-coche-segunda-mano\/","title":{"rendered":"\u00bfPuedo conducir si estoy de baja laboral?"},"content":{"rendered":"<p><\/p>\n<p>En muchas ocasiones estaremos incapacitados para la conducci\u00f3n durante una baja laboral pero, todo va a depender del tipo de lesi\u00f3n y de la prescripci\u00f3n m\u00e9dica. En este art\u00edculo te hablamos de los tipos de bajas y c\u00f3mo afectan a nuestras capacidades al volante. Si tienes un coche nuevo o un <a href=\"https:\/\/www.sibuscascoche.com\/\" target=\"_blank\" rel=\"noreferrer noopener\">coche de segunda mano<\/a> y est\u00e1s de baja, esto podr\u00eda interesarte.<\/p>\n<p><\/p>\n<p><\/p>\n<h2 class=\"wp-block-heading\">Causas de baja laboral y capacidad para conducir<\/h2>\n<p><\/p>\n<p><\/p>\n<div class=\"wp-block-image\">\n<figure class=\"alignright size-large\"><img loading=\"lazy\" decoding=\"async\" width=\"300\" height=\"200\" src=\"https:\/\/www.sibuscascoche.com\/noticias\/wp-content\/uploads\/2022\/12\/coche-segunda-mano-dolor-cervical.jpg\" alt=\"coche segunda mano, coches seminuevos, conducir baja laboral\" class=\"wp-image-17710\"\/><\/figure>\n<\/div>\n<p><\/p>\n<p><\/p>\n<ul class=\"wp-block-list\">\n<li><strong>Enfermedades musculares<\/strong>. Es el motivo de baja m\u00e1s recurrente en profesionales que trabajan en una oficina. Estar muchas horas sentado frente al ordenador, con malas posturas, puede provocar lumbalgias, tendinitis y otras dolencias. En el caso de una lumbalgia severa, el dolor intenso es incompatible con la conducci\u00f3n. Adem\u00e1s, tendr\u00e1s que tomar analg\u00e9sicos, antiinflamatorios y relajantes musculares, por lo que no est\u00e1 permitido conducir a no ser que el doctor diga lo contrario. Otra dolencia com\u00fan, la cervicalgia o dolor cervical, tambi\u00e9n es incompatible con la conducci\u00f3n. Se debe recibir un tratamiento hasta su curaci\u00f3n total. Mientras que dure dicho tratamiento y hasta que se reciba el alta m\u00e9dica, no existe la opci\u00f3n de volver a conducir.<\/li>\n<li><strong>Trastornos mentales<\/strong>. El estr\u00e9s laboral es la causa principal de problemas en la salud mental de los trabajadores. Consecuencias como la ansiedad, el mareo o las p\u00e9rdidas de atenci\u00f3n pueden ser peligrosas durante la conducci\u00f3n. Todo trabajador de baja laboral por alg\u00fan cuadro de este tipo, necesita el informe de un psic\u00f3logo o un psiquiatra que indique que puede llevar un veh\u00edculo.<\/li>\n<li><strong>Bajas maternidad y paternidad<\/strong>. En principio, este tipo de bajas familiares son totalmente compatibles con la conducci\u00f3n.<\/li>\n<\/ul>\n<p><\/p>\n<p><\/p>\n<h2 class=\"wp-block-heading\">\u00bfQu\u00e9 pasa si conduzco estando de baja?<\/h2>\n<p><\/p>\n<p><\/p>\n<p>Se puede conducir estando de baja siempre que la conducci\u00f3n no afecte a la recuperaci\u00f3n de la enfermedad o que el puesto de trabajo del asalariado est\u00e9 relacionado con la conducci\u00f3n. Sin embargo, si conducimos estando de baja, con enfermedades incompatibles con esta acci\u00f3n, podemos ser sancionados con multas que ascienden hasta los 6.000 euros. Ten en cuenta adem\u00e1s que muchos seguros, en caso de accidente estando de baja, no te cubrir\u00e1n los da\u00f1os generados.<\/p>\n<p><\/p>\n<p><\/p>\n<p>Si te encuentras de baja laboral, lo mejor es que utilices tu tiempo para recuperarte y descansar. Si tu m\u00e9dico y tu enfermedad no te lo permite, no conduzcas tu coche de segunda mano ni <a href=\"https:\/\/www.sibuscascoche.com\/carroceria\/familiar\" target=\"_blank\" rel=\"noreferrer noopener\">coches seminuevos<\/a>. Conducir bajo los efectos de diferentes f\u00e1rmacos o en p\u00e9simas condiciones f\u00edsicas puede ponerte en riesgo a ti y a todos los usuarios de la v\u00eda.<\/p>\n<p><\/p>\n","protected":false},"excerpt":{"rendered":"<p>En muchas ocasiones estaremos incapacitados para la conducci\u00f3n durante una baja laboral pero, todo va a depender del tipo de lesi\u00f3n y de la prescripci\u00f3n m\u00e9dica. En este art\u00edculo te<\/p>\n","protected":false},"author":6,"featured_media":17711,"comment_status":"closed","ping_status":"open","sticky":false,"template":"","format":"standard","meta":{"footnotes":""},"categories":[1,6],"tags":[1054,1670],"class_list":["post-17708","post","type-post","status-publish","format-standard","has-post-thumbnail","hentry","category-actualidad","category-mantenimiento-consejos","tag-coche-de-segunda-mano","tag-conduccion-baja-laboral"],"_links":{"self":[{"href":"https:\/\/www.sibuscascoche.com\/noticias\/wp-json\/wp\/v2\/posts\/17708","targetHints":{"allow":["GET"]}}],"collection":[{"href":"https:\/\/www.sibuscascoche.com\/noticias\/wp-json\/wp\/v2\/posts"}],"about":[{"href":"https:\/\/www.sibuscascoche.com\/noticias\/wp-json\/wp\/v2\/types\/post"}],"author":[{"embeddable":true,"href":"https:\/\/www.sibuscascoche.com\/noticias\/wp-json\/wp\/v2\/users\/6"}],"replies":[{"embeddable":true,"href":"https:\/\/www.sibuscascoche.com\/noticias\/wp-json\/wp\/v2\/comments?post=17708"}],"version-history":[{"count":3,"href":"https:\/\/www.sibuscascoche.com\/noticias\/wp-json\/wp\/v2\/posts\/17708\/revisions"}],"predecessor-version":[{"id":17741,"href":"https:\/\/www.sibuscascoche.com\/noticias\/wp-json\/wp\/v2\/posts\/17708\/revisions\/17741"}],"wp:featuredmedia":[{"embeddable":true,"href":"https:\/\/www.sibuscascoche.com\/noticias\/wp-json\/wp\/v2\/media\/17711"}],"wp:attachment":[{"href":"https:\/\/www.sibuscascoche.com\/noticias\/wp-json\/wp\/v2\/media?parent=17708"}],"wp:term":[{"taxonomy":"category","embeddable":true,"href":"https:\/\/www.sibuscascoche.com\/noticias\/wp-json\/wp\/v2\/categories?post=17708"},{"taxonomy":"post_tag","embeddable":true,"href":"https:\/\/www.sibuscascoche.com\/noticias\/wp-json\/wp\/v2\/tags?post=17708"}],"curies":[{"name":"wp","href":"https:\/\/api.w.org\/{rel}","templated":true}]}}