{"id":17685,"date":"2023-01-12T13:03:00","date_gmt":"2023-01-12T12:03:00","guid":{"rendered":"https:\/\/www.sibuscascoche.com\/noticias\/?p=17685"},"modified":"2023-01-19T13:03:45","modified_gmt":"2023-01-19T12:03:45","slug":"abrir-coche-reconocimiento-facial-vehiculos-ocasion","status":"publish","type":"post","link":"https:\/\/www.sibuscascoche.com\/noticias\/2023\/abrir-coche-reconocimiento-facial-vehiculos-ocasion\/","title":{"rendered":"En el futuro podr\u00edamos abrir nuestro coche a trav\u00e9s de reconocimiento facial"},"content":{"rendered":"<p><\/p>\n<p>Los avances tecnol\u00f3gicos no paran y el sector automovil\u00edstico busca estar a la cabeza en innovaciones. La \u00faltima novedad, abrir nuestro <a href=\"https:\/\/www.sibuscascoche.com\/coches-km0\" target=\"_blank\" rel=\"noreferrer noopener\">coche seminuevo<\/a> con la cara. Esta tecnolog\u00eda basada en el reconocimiento facial permite almacenar nuestro rostro para acceder al veh\u00edculo sin necesidad de utilizar la llave. Adem\u00e1s, el sistema podr\u00eda completarse para que a trav\u00e9s del rostro el conductor pueda personalizar otros par\u00e1metros referidos a la conducci\u00f3n. En este art\u00edculo os explicamos un poco m\u00e1s esta nueva tecnolog\u00eda.<\/p>\n<p><\/p>\n<p><\/p>\n<h2 class=\"wp-block-heading\">Nuevo sistema para la apertura del coche<\/h2>\n<p><\/p>\n<p><\/p>\n<div class=\"wp-block-image\">\n<figure class=\"alignright size-large\"><img loading=\"lazy\" decoding=\"async\" width=\"300\" height=\"200\" src=\"https:\/\/www.sibuscascoche.com\/noticias\/wp-content\/uploads\/2022\/11\/vehiculos-ocasion-llaves.jpg\" alt=\"vehiculos de ocasion, coche seminuevo, reconocimiento facial, apertura coche con la cara, abrir coche\" class=\"wp-image-17688\"\/><\/figure>\n<\/div>\n<p><\/p>\n<p><\/p>\n<p>El sector del autom\u00f3vil ha ido adoptando tecnolog\u00edas de otros campos en los \u00faltimos a\u00f1os, una de las m\u00e1s llamativas fue la apertura del coche a trav\u00e9s del tel\u00e9fono m\u00f3vil. El nuevo objetivo es abrir y desbloquear el coche a trav\u00e9s de nuestra cara. \u00bfPodr\u00eda este sistema aumentar nuestra seguridad y comodidad? Est\u00e1 claro que este sistema podr\u00eda ahorrarnos el estar pendiente de las llaves de nuestros <a href=\"https:\/\/www.sibuscascoche.com\/\" target=\"_blank\" rel=\"noreferrer noopener\">veh\u00edculos de ocasi\u00f3n<\/a> y coches nuevos.<\/p>\n<p><\/p>\n<p><\/p>\n<p>Actualmente, el Grupo Antol\u00edn y su socio trinamiX, empresa especialista en soluciones biom\u00e9tricas, est\u00e1n trabajando para probar esta tecnolog\u00eda. Su principal preocupaci\u00f3n es cumplir los m\u00e1ximos est\u00e1ndares de seguridad biom\u00e9trica, utilizando algoritmos \u00fanicos para detectar a la persona a trav\u00e9s de los datos obtenidos de su piel. Las primeras pruebas parecen haber sido un \u00e9xito y los fabricantes afirman que el sistema de reconocimiento facial ha funcionado de forma fiable incluso en condiciones muy adversas.<\/p>\n<p><\/p>\n<p><\/p>\n<h2 class=\"wp-block-heading\">Otras marcas que utilizan el reconocimiento facial<\/h2>\n<p><\/p>\n<p><\/p>\n<p>Esta tecnolog\u00eda no es completamente nueva, existe un veh\u00edculo denominado Genesis GV60, un SUV el\u00e9ctrico premium, que cuenta con tecnolog\u00eda de funcionamiento similar bautizada como Face Connect. Este veh\u00edculo es capaz de registrar, guardar y posteriormente reconocer diferentes rostros gracias a su c\u00e1mara NIR la cual est\u00e1 capacitada para funcionar hasta de noche y con poca visibilidad.<\/p>\n<p><\/p>\n<p><\/p>\n<p>Apple tambi\u00e9n ha intentado incluir esta tecnolog\u00eda y posee una patente denominada \u201cSystem and Method for Vehicle Authorization\u201d (sistema de reconocimiento facial para abrir veh\u00edculos), la cual b\u00e1sicamente busca una implementaci\u00f3n por medio de Face ID de sus iPhones o con la instalaci\u00f3n de sensores en la parte de adentro del coche en cuesti\u00f3n, los cuales ser\u00e1n los encargados del concreto reconocimiento de la cara del conductor. Esta tecnolog\u00eda tambi\u00e9n albergar\u00e1 otras funciones complementarias.<\/p>\n<p><\/p>\n<p><\/p>\n<p>Muchos conductores se muestran reacios a esta tecnolog\u00eda y tienen desconfianza hacia el sistema, pero ya es un hecho. Su desarrollo e implementaci\u00f3n est\u00e1 en camino y solo el futuro nos dir\u00e1 si dentro de unos a\u00f1os todos abriremos nuestro veh\u00edculo con la cara.<\/p>\n<p><\/p>\n","protected":false},"excerpt":{"rendered":"<p>Los avances tecnol\u00f3gicos no paran y el sector automovil\u00edstico busca estar a la cabeza en innovaciones. La \u00faltima novedad, abrir nuestro coche seminuevo con la cara. Esta tecnolog\u00eda basada en<\/p>\n","protected":false},"author":6,"featured_media":17687,"comment_status":"closed","ping_status":"open","sticky":false,"template":"","format":"standard","meta":{"footnotes":""},"categories":[1,8],"tags":[1669,1668,1158],"class_list":["post-17685","post","type-post","status-publish","format-standard","has-post-thumbnail","hentry","category-actualidad","category-lanzamientos","tag-apertura-coche","tag-reconocimiento-facial","tag-tecnologia-coche"],"_links":{"self":[{"href":"https:\/\/www.sibuscascoche.com\/noticias\/wp-json\/wp\/v2\/posts\/17685","targetHints":{"allow":["GET"]}}],"collection":[{"href":"https:\/\/www.sibuscascoche.com\/noticias\/wp-json\/wp\/v2\/posts"}],"about":[{"href":"https:\/\/www.sibuscascoche.com\/noticias\/wp-json\/wp\/v2\/types\/post"}],"author":[{"embeddable":true,"href":"https:\/\/www.sibuscascoche.com\/noticias\/wp-json\/wp\/v2\/users\/6"}],"replies":[{"embeddable":true,"href":"https:\/\/www.sibuscascoche.com\/noticias\/wp-json\/wp\/v2\/comments?post=17685"}],"version-history":[{"count":3,"href":"https:\/\/www.sibuscascoche.com\/noticias\/wp-json\/wp\/v2\/posts\/17685\/revisions"}],"predecessor-version":[{"id":17739,"href":"https:\/\/www.sibuscascoche.com\/noticias\/wp-json\/wp\/v2\/posts\/17685\/revisions\/17739"}],"wp:featuredmedia":[{"embeddable":true,"href":"https:\/\/www.sibuscascoche.com\/noticias\/wp-json\/wp\/v2\/media\/17687"}],"wp:attachment":[{"href":"https:\/\/www.sibuscascoche.com\/noticias\/wp-json\/wp\/v2\/media?parent=17685"}],"wp:term":[{"taxonomy":"category","embeddable":true,"href":"https:\/\/www.sibuscascoche.com\/noticias\/wp-json\/wp\/v2\/categories?post=17685"},{"taxonomy":"post_tag","embeddable":true,"href":"https:\/\/www.sibuscascoche.com\/noticias\/wp-json\/wp\/v2\/tags?post=17685"}],"curies":[{"name":"wp","href":"https:\/\/api.w.org\/{rel}","templated":true}]}}