{"id":17552,"date":"2022-11-15T13:10:27","date_gmt":"2022-11-15T12:10:27","guid":{"rendered":"https:\/\/www.sibuscascoche.com\/noticias\/?p=17552"},"modified":"2022-11-15T13:10:28","modified_gmt":"2022-11-15T12:10:28","slug":"nueva-letra-matriculas-coches-ocasion","status":"publish","type":"post","link":"https:\/\/www.sibuscascoche.com\/noticias\/2022\/nueva-letra-matriculas-coches-ocasion\/","title":{"rendered":"Nueva letra para las matr\u00edculas espa\u00f1olas"},"content":{"rendered":"<p><\/p>\n<p>El salto de la letra L a la M se ha hecho de rogar pero por fin los nuevos veh\u00edculos ya tienen nueva imagen. Estaba previsto que el cambio se consiguiese a mediados del mes pero un aceler\u00f3n en las ventas ha provocado que el cambio fuese inminente a comienzos de septiembre.<\/p>\n<p><\/p>\n<p><\/p>\n<h2 class=\"wp-block-heading\">\u00bfCu\u00e1nto tarda en cambiarse de letra?<\/h2>\n<p><\/p>\n<p><\/p>\n<div class=\"wp-block-image\">\n<figure class=\"alignright size-large\"><img loading=\"lazy\" decoding=\"async\" width=\"300\" height=\"200\" src=\"https:\/\/www.sibuscascoche.com\/noticias\/wp-content\/uploads\/2022\/09\/matricula-coches-ocasion.jpg\" alt=\"coches de ocasion, vehiculos de ocasion, matriculacion, matricula, matricula m, matricula l\" class=\"wp-image-17555\"\/><\/figure>\n<\/div>\n<p><\/p>\n<p><\/p>\n<p>Desde el a\u00f1o 2000 en nuestro pa\u00eds se inici\u00f3 un nuevo sistema de matriculaci\u00f3n que se basa en una combinaci\u00f3n de cuatro n\u00fameros y tres letras. Previamente, las matr\u00edculas espa\u00f1olas ten\u00edan un distintivo provincial, una o dos letras, y cuatro n\u00fameros con una o dos letras finales.<br \/>Desde entonces se ha ido cambiando de letra con una media de unos dos a\u00f1os. La ca\u00edda de ventas de veh\u00edculos en estos a\u00f1os por la pandemia del Covid, la crisis de los microprocesadores y los parones de producci\u00f3n de las marcas, ha hecho que la llegada de la M se haya retrasado. En esta ocasi\u00f3n han hecho falta tres a\u00f1os para renovar la apariencia de las matr\u00edculas. A lo largo de estos a\u00f1os solo ha habido una excepci\u00f3n. La letra H estuvo en vigencia cuatro a\u00f1os, desde el 2010 al 2014.<\/p>\n<p><\/p>\n<p><\/p>\n<p>Con este nuevo sistema de identificaci\u00f3n habr\u00e1 combinaciones para unos 80 millones de veh\u00edculos y por ahora solo hemos agotado la mitad. Si seguimos con este ritmo probablemente no se tenga que cambiar el sistema hasta dentro de unos 20 a\u00f1os.<\/p>\n<p><\/p>\n<p><\/p>\n<h2 class=\"wp-block-heading\">\u00bfC\u00f3mo son las primeras matr\u00edculas con la letra M?<\/h2>\n<p><\/p>\n<p><\/p>\n<p>Curiosamente las primeras matr\u00edculas son MBB debido a que la DGT en el 2000 tambi\u00e9n decidi\u00f3 dejar fuera las vocales y aprobar la inclusi\u00f3n de series de tres letras. Con esta f\u00f3rmula se evita que se formen nombres propios, palabras malsonantes o acr\u00f3nimos.<\/p>\n<p><\/p>\n<p><\/p>\n<p>Muchos conductores han esperado a este cambio de letra para adquirir su coche nuevo pero tambi\u00e9n puede ser un momento estupendo para comprar coches de ocasi\u00f3n. Podemos encontrar en el mercado veh\u00edculos de ocasi\u00f3n muy econ\u00f3micos aunque con la letra L en su matr\u00edcula. Los expertos anuncian que los coches que empiecen por M tendr\u00e1n un valor de recompra en el mercado de ocasi\u00f3n superior a otros modelos similares con la letra L. Por lo tanto, es muy probable que todos los veh\u00edculos de ocasi\u00f3n con la letra L rebajen su precio de partida. \u00bfA qu\u00e9 est\u00e1s esperando para conseguir tu coche de ocasi\u00f3n a un precio inigualable?<\/p>\n<p><\/p>\n","protected":false},"excerpt":{"rendered":"<p>El salto de la letra L a la M se ha hecho de rogar pero por fin los nuevos veh\u00edculos ya tienen nueva imagen. Estaba previsto que el cambio se<\/p>\n","protected":false},"author":6,"featured_media":17554,"comment_status":"closed","ping_status":"open","sticky":false,"template":"","format":"standard","meta":{"footnotes":""},"categories":[1],"tags":[1651,188],"class_list":["post-17552","post","type-post","status-publish","format-standard","has-post-thumbnail","hentry","category-actualidad","tag-letra-matriculas","tag-matriculacion"],"_links":{"self":[{"href":"https:\/\/www.sibuscascoche.com\/noticias\/wp-json\/wp\/v2\/posts\/17552","targetHints":{"allow":["GET"]}}],"collection":[{"href":"https:\/\/www.sibuscascoche.com\/noticias\/wp-json\/wp\/v2\/posts"}],"about":[{"href":"https:\/\/www.sibuscascoche.com\/noticias\/wp-json\/wp\/v2\/types\/post"}],"author":[{"embeddable":true,"href":"https:\/\/www.sibuscascoche.com\/noticias\/wp-json\/wp\/v2\/users\/6"}],"replies":[{"embeddable":true,"href":"https:\/\/www.sibuscascoche.com\/noticias\/wp-json\/wp\/v2\/comments?post=17552"}],"version-history":[{"count":4,"href":"https:\/\/www.sibuscascoche.com\/noticias\/wp-json\/wp\/v2\/posts\/17552\/revisions"}],"predecessor-version":[{"id":17692,"href":"https:\/\/www.sibuscascoche.com\/noticias\/wp-json\/wp\/v2\/posts\/17552\/revisions\/17692"}],"wp:featuredmedia":[{"embeddable":true,"href":"https:\/\/www.sibuscascoche.com\/noticias\/wp-json\/wp\/v2\/media\/17554"}],"wp:attachment":[{"href":"https:\/\/www.sibuscascoche.com\/noticias\/wp-json\/wp\/v2\/media?parent=17552"}],"wp:term":[{"taxonomy":"category","embeddable":true,"href":"https:\/\/www.sibuscascoche.com\/noticias\/wp-json\/wp\/v2\/categories?post=17552"},{"taxonomy":"post_tag","embeddable":true,"href":"https:\/\/www.sibuscascoche.com\/noticias\/wp-json\/wp\/v2\/tags?post=17552"}],"curies":[{"name":"wp","href":"https:\/\/api.w.org\/{rel}","templated":true}]}}