{"id":17436,"date":"2022-07-07T15:45:29","date_gmt":"2022-07-07T13:45:29","guid":{"rendered":"https:\/\/www.sibuscascoche.com\/noticias\/?p=17436"},"modified":"2022-07-07T15:45:29","modified_gmt":"2022-07-07T13:45:29","slug":"mas-puntos-recarga-coches-electricos-2023-coche-segunda-mano","status":"publish","type":"post","link":"https:\/\/www.sibuscascoche.com\/noticias\/2022\/mas-puntos-recarga-coches-electricos-2023-coche-segunda-mano\/","title":{"rendered":"M\u00e1s puntos de recarga para coches el\u00e9ctricos en 2023"},"content":{"rendered":"<p><\/p>\n<p>El ministerio para la Transici\u00f3n Ecol\u00f3gica y el Reto Demogr\u00e1fico ha aprobado un Real Decreto que entrar\u00e1 en vigor el 1 de enero 2023 para ampliar los puntos de recarga en nuestro pa\u00eds. \u00bfConseguir\u00e1 esta medida que despegue el coche el\u00e9ctrico en Espa\u00f1a? El tiempo lo dir\u00e1, pero en este art\u00edculo te contamos todos los detalles de la nueva normativa y ya puedes empezar a buscar un coche de segunda mano que utilice este sistema.<\/p>\n<p><\/p>\n<p><\/p>\n<h2 class=\"wp-block-heading\">Buena infraestructura de recarga<\/h2>\n<p><\/p>\n<p><\/p>\n<div class=\"wp-block-image\">\n<figure class=\"alignright size-large\"><img loading=\"lazy\" decoding=\"async\" width=\"300\" height=\"200\" src=\"https:\/\/www.sibuscascoche.com\/noticias\/wp-content\/uploads\/2022\/06\/coche-electrico-cargador.jpg\" alt=\"coche segunda mano, coche seminuevo, coche electrico, punto de recarga\" class=\"wp-image-17438\"\/><\/figure>\n<\/div>\n<p><\/p>\n<p><\/p>\n<p>Hasta el momento en Espa\u00f1a no existe una adecuada red de recarga de veh\u00edculos el\u00e9ctricos y es uno de los principales motivos de la escasa penetraci\u00f3n. El Plan Nacional Integrado de Energ\u00eda y Clima estima que, en 2030, habr\u00e1 5 millones de veh\u00edculos el\u00e9ctricos en Espa\u00f1a. Pero con la situaci\u00f3n actual ser\u00eda imposible darle cobertura. Por este motivo, se ha aprobado un Real Decreto Ley que apuesta por conseguir contar con 100.000 puntos de recarga p\u00fablicos en 2023.<\/p>\n<p><\/p>\n<p><\/p>\n<p>Entre las medidas que recoge una de las m\u00e1s importantes es que los aparcamientos en edificios no residenciales privados y los parkings no adscritos a edificios tendr\u00e1n que instalar puntos de recarga cuando tengan m\u00e1s de 20 plazas de aparcamiento. Se exigir\u00e1 disponer de una estaci\u00f3n de recarga por cada 40 plazas o fracci\u00f3n, hasta 1.000 plazas. En el caso de la Administraci\u00f3n General del Estado, ser\u00e1n 20 plazas hasta 500 plazas y una estaci\u00f3n m\u00e1s por cada 100 plazas o fracci\u00f3n. <\/p>\n<p><\/p>\n<p><\/p>\n<p>Los aparcamientos de pago, los hoteles, hospitales, colegios o universidades, tambi\u00e9n tendr\u00e1n que ce\u00f1irse a la nueva normativa. Todas las infraestructuras tendr\u00e1n que cumplir con los reglamentos de seguridad industrial, excepto los edificios protegidos.<\/p>\n<p><\/p>\n<p><\/p>\n<h2 class=\"wp-block-heading\">\u00bfCu\u00e1ndo se iniciar\u00e1 el proceso de instalaci\u00f3n?<\/h2>\n<p><\/p>\n<p><\/p>\n<p>Si tu coche de segunda mano o coche seminuevo es el\u00e9ctrico est\u00e1s de suerte. Pronto contar\u00e1s con una red de recarga maravillosa. Pero, \u00bfpodr\u00e1 saturarse el mercado de las empresas especializadas? Ante la amenaza de que todos soliciten la instalaci\u00f3n de puntos de recarga al mismo tiempo algunos expertos aconsejan elegir una situaci\u00f3n adecuada.<\/p>\n<p><\/p>\n<p><\/p>\n<p>El momento ideal ser\u00eda aprovechar el per\u00edodo vacacional para su instalaci\u00f3n en centros de trabajo y centros educativos, adem\u00e1s de en zonas industriales.<\/p>\n<p><\/p>\n<p><\/p>\n<p>Esperemos que el proceso sea gradual pero que se pueda cumplir el objetivo y en 2023 nuestro pa\u00eds sea equiparable a otros vecinos europeos en la oferta de puntos de recarga. Hay que tener en cuenta que el gobierno tambi\u00e9n ha establecido ayudas como el Plan Moves III que financia hasta el 70% de la instalaci\u00f3n. La movilidad el\u00e9ctrica cada vez est\u00e1 m\u00e1s cerca.<\/p>\n<p><\/p>\n","protected":false},"excerpt":{"rendered":"<p>El ministerio para la Transici\u00f3n Ecol\u00f3gica y el Reto Demogr\u00e1fico ha aprobado un Real Decreto que entrar\u00e1 en vigor el 1 de enero 2023 para ampliar los puntos de recarga<\/p>\n","protected":false},"author":6,"featured_media":17439,"comment_status":"closed","ping_status":"open","sticky":false,"template":"","format":"standard","meta":{"footnotes":""},"categories":[1],"tags":[241,220,1343],"class_list":["post-17436","post","type-post","status-publish","format-standard","has-post-thumbnail","hentry","category-actualidad","tag-coche-segunda-mano","tag-coches-electricos","tag-puntos-de-carga"],"_links":{"self":[{"href":"https:\/\/www.sibuscascoche.com\/noticias\/wp-json\/wp\/v2\/posts\/17436","targetHints":{"allow":["GET"]}}],"collection":[{"href":"https:\/\/www.sibuscascoche.com\/noticias\/wp-json\/wp\/v2\/posts"}],"about":[{"href":"https:\/\/www.sibuscascoche.com\/noticias\/wp-json\/wp\/v2\/types\/post"}],"author":[{"embeddable":true,"href":"https:\/\/www.sibuscascoche.com\/noticias\/wp-json\/wp\/v2\/users\/6"}],"replies":[{"embeddable":true,"href":"https:\/\/www.sibuscascoche.com\/noticias\/wp-json\/wp\/v2\/comments?post=17436"}],"version-history":[{"count":3,"href":"https:\/\/www.sibuscascoche.com\/noticias\/wp-json\/wp\/v2\/posts\/17436\/revisions"}],"predecessor-version":[{"id":17452,"href":"https:\/\/www.sibuscascoche.com\/noticias\/wp-json\/wp\/v2\/posts\/17436\/revisions\/17452"}],"wp:featuredmedia":[{"embeddable":true,"href":"https:\/\/www.sibuscascoche.com\/noticias\/wp-json\/wp\/v2\/media\/17439"}],"wp:attachment":[{"href":"https:\/\/www.sibuscascoche.com\/noticias\/wp-json\/wp\/v2\/media?parent=17436"}],"wp:term":[{"taxonomy":"category","embeddable":true,"href":"https:\/\/www.sibuscascoche.com\/noticias\/wp-json\/wp\/v2\/categories?post=17436"},{"taxonomy":"post_tag","embeddable":true,"href":"https:\/\/www.sibuscascoche.com\/noticias\/wp-json\/wp\/v2\/tags?post=17436"}],"curies":[{"name":"wp","href":"https:\/\/api.w.org\/{rel}","templated":true}]}}