{"id":1739,"date":"2014-02-27T11:10:31","date_gmt":"2014-02-27T10:10:31","guid":{"rendered":"https:\/\/www.sibuscascoche.com\/noticias\/?p=1739"},"modified":"2014-03-03T09:23:27","modified_gmt":"2014-03-03T08:23:27","slug":"fabricacion-coches-crecio-2013","status":"publish","type":"post","link":"https:\/\/www.sibuscascoche.com\/noticias\/2014\/fabricacion-coches-crecio-2013\/","title":{"rendered":"La fabricaci\u00f3n de coches creci\u00f3 en 2013"},"content":{"rendered":"<p style=\"text-align: justify;\">El sector del autom\u00f3vil comienza a despegar de nuevo, si tenemos en cuenta los datos que ha dado a conocer la Asociaci\u00f3n Nacional de Fabricantes de Autom\u00f3viles y Camiones (Anfac). <b>En 2013, la fabricaci\u00f3n de coches en las plantas de nuestro pa\u00eds se increment\u00f3 un 9,3 por ciento<\/b>, hasta alcanzar los 2.163.338 veh\u00edculos. Se trata de la primera cifra positiva desde el a\u00f1o 2010.<\/p>\n<p style=\"text-align: justify;\">Como causas fundamentales del aumento en la fabricaci\u00f3n de autom\u00f3viles en 2013 destacan las <b>exportaciones a nuevos mercados<\/b> y las repercusiones de las <b>ayudas oficiales a la adquisici\u00f3n (PIVE)<\/b>. El incremento de la demanda de veh\u00edculos espa\u00f1oles provino de mercados diferentes a los tradicionales y de pa\u00edses como Estados Unidos, Turqu\u00eda o Argelia. Por su parte, los planes para impulsar las compras supusieron una subida de siete puntos porcentuales respecto al a\u00f1o anterior.<\/p>\n<p style=\"text-align: justify;\"><img loading=\"lazy\" decoding=\"async\" class=\"alignright size-full wp-image-1753\" alt=\"produccion coches, coche ocasi\u00f3n\" src=\"https:\/\/www.sibuscascoche.com\/noticias\/wp-content\/uploads\/2014\/02\/produccion-coches.jpg\" width=\"300\" height=\"199\" \/>A pesar del aumento de las exportaciones en 2013 (8,72 por ciento), los datos registrados contin\u00faan en <b>niveles parecidos a los obtenidos en los a\u00f1os noventa<\/b>. En concreto, 1.879.974 unidades fabricadas en Espa\u00f1a se vendieron al exterior, cifra que significa el 87 por ciento del total.<\/p>\n<p style=\"text-align: justify;\">Por su parte, el super\u00e1vit comercial de los fabricantes se increment\u00f3 un 16,5 por ciento respecto a 2012 y supera los 15.000 millones de euros.<\/p>\n<p style=\"text-align: justify;\">Por segmentos, la fabricaci\u00f3n de autom\u00f3viles el a\u00f1o pasado fue la siguiente:<\/p>\n<ul style=\"text-align: justify;\">\n<li><b>Turismos<\/b>. 1.719.700 unidades (79,4 por ciento de la producci\u00f3n global).<\/li>\n<li><b>Todoterrenos<\/b>. 34.968 unidades (experimentaron un retroceso del 37 por ciento respecto al a\u00f1o anterior).<\/li>\n<li><b>Veh\u00edculos industriales<\/b>. 406.670 unidades (crecimiento de un 6,4 por ciento en t\u00e9rminos interanuales).<\/li>\n<\/ul>\n<p style=\"text-align: justify;\">Las exportaciones por segmentos durante 2013 fueron:<\/p>\n<ul style=\"text-align: justify;\">\n<li><b>Turismos<\/b>. 1.493.731 unidades (79,4 por ciento del total exportado).<\/li>\n<li><b>Todoterrenos<\/b>. 34.300 unidades (retroceso del 37,1 por ciento).<\/li>\n<li><b>Veh\u00edculos industriales<\/b>. 351.813 unidades (incremento de 1,2 por ciento).<\/li>\n<\/ul>\n<p style=\"text-align: justify;\">En cuanto a las ventas, el a\u00f1o pasado concluy\u00f3 con un ascenso del 3,3 por ciento en las matriculaciones (722.703). Hace unos meses, se aprob\u00f3 el quinto <b>Programa de Incentivos al Veh\u00edculo Eficiente (PIVE),<\/b> con una dotaci\u00f3n de 175 millones de euros. Este hecho redundar\u00e1 positivamente, sin duda alguna, en los datos de 2014.<\/p>\n<p style=\"text-align: justify;\">El sector prev\u00e9 fabricar 2.400.000 veh\u00edculos en 2014 y se estima que en 2017 se alcancen los 3 millones de unidades ensambladas en las f\u00e1bricas de nuestro pa\u00eds.<\/p>\n","protected":false},"excerpt":{"rendered":"<p>El sector del autom\u00f3vil comienza a despegar de nuevo, si tenemos en cuenta los datos que ha dado a conocer la Asociaci\u00f3n Nacional de Fabricantes de Autom\u00f3viles y Camiones (Anfac).<\/p>\n","protected":false},"author":1,"featured_media":1752,"comment_status":"closed","ping_status":"open","sticky":false,"template":"","format":"standard","meta":{"footnotes":""},"categories":[1],"tags":[],"class_list":["post-1739","post","type-post","status-publish","format-standard","has-post-thumbnail","hentry","category-actualidad"],"_links":{"self":[{"href":"https:\/\/www.sibuscascoche.com\/noticias\/wp-json\/wp\/v2\/posts\/1739","targetHints":{"allow":["GET"]}}],"collection":[{"href":"https:\/\/www.sibuscascoche.com\/noticias\/wp-json\/wp\/v2\/posts"}],"about":[{"href":"https:\/\/www.sibuscascoche.com\/noticias\/wp-json\/wp\/v2\/types\/post"}],"author":[{"embeddable":true,"href":"https:\/\/www.sibuscascoche.com\/noticias\/wp-json\/wp\/v2\/users\/1"}],"replies":[{"embeddable":true,"href":"https:\/\/www.sibuscascoche.com\/noticias\/wp-json\/wp\/v2\/comments?post=1739"}],"version-history":[{"count":3,"href":"https:\/\/www.sibuscascoche.com\/noticias\/wp-json\/wp\/v2\/posts\/1739\/revisions"}],"predecessor-version":[{"id":1755,"href":"https:\/\/www.sibuscascoche.com\/noticias\/wp-json\/wp\/v2\/posts\/1739\/revisions\/1755"}],"wp:featuredmedia":[{"embeddable":true,"href":"https:\/\/www.sibuscascoche.com\/noticias\/wp-json\/wp\/v2\/media\/1752"}],"wp:attachment":[{"href":"https:\/\/www.sibuscascoche.com\/noticias\/wp-json\/wp\/v2\/media?parent=1739"}],"wp:term":[{"taxonomy":"category","embeddable":true,"href":"https:\/\/www.sibuscascoche.com\/noticias\/wp-json\/wp\/v2\/categories?post=1739"},{"taxonomy":"post_tag","embeddable":true,"href":"https:\/\/www.sibuscascoche.com\/noticias\/wp-json\/wp\/v2\/tags?post=1739"}],"curies":[{"name":"wp","href":"https:\/\/api.w.org\/{rel}","templated":true}]}}