{"id":1730,"date":"2014-02-21T10:53:30","date_gmt":"2014-02-21T09:53:30","guid":{"rendered":"https:\/\/www.sibuscascoche.com\/noticias\/?p=1730"},"modified":"2014-02-27T11:02:20","modified_gmt":"2014-02-27T10:02:20","slug":"salonauto-lugo-2014-calienta-motores","status":"publish","type":"post","link":"https:\/\/www.sibuscascoche.com\/noticias\/2014\/salonauto-lugo-2014-calienta-motores\/","title":{"rendered":"Salonauto Lugo 2014 calienta motores"},"content":{"rendered":"<p style=\"text-align: justify;\">El <b>V Sal\u00f3n del Autom\u00f3vil e Industria Auxiliar(Salonauto Lugo)<\/b> se celebrar\u00e1, entre el 28 y el 30 de marzo de 2014, en el Pazo de Feiras e Congresos de la capital lucense. Eventos del Motor S.L. es la empresa organizadora de la iniciativa, que pretende dinamizar el mercado automovil\u00edstico de la zona y mostrar las m\u00e1s espectaculares propuestas del sector.<\/p>\n<p style=\"text-align: justify;\"><b>Salonauto Lugo 2014<\/b> contar\u00e1 con una exposici\u00f3n de 9.000 metros cuadrados y una amplia presencia de empresas vinculadas con la automoci\u00f3n y su industria auxiliar. De esta forma, asistir\u00e1n fabricantes, concesionarios, compa\u00f1\u00edas aseguradoras, asociaciones, publicaciones sobre motor, recambistas etc. Al tratarse de un evento fundamentalmente comercial, los expositores podr\u00e1n retirar veh\u00edculos vendidos y sustituirlos por otros durante el transcurso del Sal\u00f3n.<\/p>\n<p><img loading=\"lazy\" decoding=\"async\" class=\"alignright  wp-image-1733\" title=\"Salonauto Lugo 2014 | Sibuscascoche.com\" alt=\"salonauto lugo, coche ocasi\u00f3n\" src=\"https:\/\/www.sibuscascoche.com\/noticias\/wp-content\/uploads\/2014\/02\/salonauto-lugo-2014.jpg\" width=\"210\" height=\"298\" srcset=\"https:\/\/www.sibuscascoche.com\/noticias\/wp-content\/uploads\/2014\/02\/salonauto-lugo-2014.jpg 300w, https:\/\/www.sibuscascoche.com\/noticias\/wp-content\/uploads\/2014\/02\/salonauto-lugo-2014-211x300.jpg 211w\" sizes=\"auto, (max-width: 210px) 100vw, 210px\" \/><\/p>\n<p style=\"text-align: justify;\">Esta feria comercial y monogr\u00e1ficaestar\u00e1 <b>abierta al p\u00fablico en general<\/b>, a los aficionados al motor, a los <b>profesionales<\/b> del sector y a los interesados en <b>adquirir autom\u00f3viles o motocicletas en condiciones ventajosas<\/b>. Se podr\u00e1n probar, comparar, adquirir, financiar y asegurar veh\u00edculos en un \u00fanico espacio. De forma paralela al Sal\u00f3n, se desarrollar\u00e1 un completo programa de actividades paralelas.<\/p>\n<p style=\"text-align: justify;\">Se estima que el 14 por ciento del p\u00fablico que visite la feria ser\u00e1 profesional relacionado con el sector. El 86 por ciento restante estar\u00e1 conformado por p\u00fablico generalista y, dentro de \u00e9ste, el 40 por ciento corresponder\u00e1 a personas interesadas en adquirir alg\u00fan veh\u00edculo.<\/p>\n<p style=\"text-align: justify;\">\u00a0<b>Salonauto Lugo<\/b> naci\u00f3 con el objetivo de convertirse en referente para el sector de la automoci\u00f3n en el norte de Galicia y en punto de encuentro de empresarios y potenciales clientes. Adem\u00e1s y aprovechando la sinergia del V Sal\u00f3n del Autom\u00f3vil e Industria Auxiliar, entre el 4 y el 6 de abrir de 2014 se celebrar\u00e1, en el mismo lugar, <b>Motorocasi\u00f3n Lugo 2014<\/b>, <b>V Sal\u00f3n del Veh\u00edculo Usado y de Ocasi\u00f3n<\/b> (exposici\u00f3n comercial de autom\u00f3viles de segunda mano). Este evento aprovechar\u00e1 las infraestructuras y el tir\u00f3n promocional de Salonauto.<\/p>\n<p style=\"text-align: justify;\">\u00a0Salonauto Lugo 2014 abrir\u00e1 sus puertas el viernes 28 de marzo, de 16 a 21 horas. S\u00e1bado 29 y domingo 30 podr\u00e1 visitarse entre las 11 de la ma\u00f1ana y las 9 de la noche.<\/p>\n","protected":false},"excerpt":{"rendered":"<p>El V Sal\u00f3n del Autom\u00f3vil e Industria Auxiliar(Salonauto Lugo) se celebrar\u00e1, entre el 28 y el 30 de marzo de 2014, en el Pazo de Feiras e Congresos de la<\/p>\n","protected":false},"author":1,"featured_media":1732,"comment_status":"closed","ping_status":"open","sticky":false,"template":"","format":"standard","meta":{"footnotes":""},"categories":[9],"tags":[40],"class_list":["post-1730","post","type-post","status-publish","format-standard","has-post-thumbnail","hentry","category-eventos","tag-salones-del-automovil"],"_links":{"self":[{"href":"https:\/\/www.sibuscascoche.com\/noticias\/wp-json\/wp\/v2\/posts\/1730","targetHints":{"allow":["GET"]}}],"collection":[{"href":"https:\/\/www.sibuscascoche.com\/noticias\/wp-json\/wp\/v2\/posts"}],"about":[{"href":"https:\/\/www.sibuscascoche.com\/noticias\/wp-json\/wp\/v2\/types\/post"}],"author":[{"embeddable":true,"href":"https:\/\/www.sibuscascoche.com\/noticias\/wp-json\/wp\/v2\/users\/1"}],"replies":[{"embeddable":true,"href":"https:\/\/www.sibuscascoche.com\/noticias\/wp-json\/wp\/v2\/comments?post=1730"}],"version-history":[{"count":5,"href":"https:\/\/www.sibuscascoche.com\/noticias\/wp-json\/wp\/v2\/posts\/1730\/revisions"}],"predecessor-version":[{"id":1737,"href":"https:\/\/www.sibuscascoche.com\/noticias\/wp-json\/wp\/v2\/posts\/1730\/revisions\/1737"}],"wp:featuredmedia":[{"embeddable":true,"href":"https:\/\/www.sibuscascoche.com\/noticias\/wp-json\/wp\/v2\/media\/1732"}],"wp:attachment":[{"href":"https:\/\/www.sibuscascoche.com\/noticias\/wp-json\/wp\/v2\/media?parent=1730"}],"wp:term":[{"taxonomy":"category","embeddable":true,"href":"https:\/\/www.sibuscascoche.com\/noticias\/wp-json\/wp\/v2\/categories?post=1730"},{"taxonomy":"post_tag","embeddable":true,"href":"https:\/\/www.sibuscascoche.com\/noticias\/wp-json\/wp\/v2\/tags?post=1730"}],"curies":[{"name":"wp","href":"https:\/\/api.w.org\/{rel}","templated":true}]}}