{"id":17293,"date":"2022-04-27T14:06:19","date_gmt":"2022-04-27T12:06:19","guid":{"rendered":"https:\/\/www.sibuscascoche.com\/noticias\/?p=17293"},"modified":"2022-04-27T14:06:20","modified_gmt":"2022-04-27T12:06:20","slug":"adios-20-km-adelantar-mas-radares-coches-seminuevos","status":"publish","type":"post","link":"https:\/\/www.sibuscascoche.com\/noticias\/2022\/adios-20-km-adelantar-mas-radares-coches-seminuevos\/","title":{"rendered":"Adi\u00f3s a los 20 km\/h para adelantar y m\u00e1s radares"},"content":{"rendered":"<p><\/p>\n<p>La nueva Ley de Tr\u00e1fico que ha entrado en vigor el pasado 21 de marzo ha eliminado el margen de los 20 km\/h en adelantamientos y las cr\u00edticas no se han hecho esperar. Muchos expertos aseguran que no incrementar la velocidad al adelantar multiplica por tres tanto el tiempo como el espacio necesarios para realizar la maniobra. Sin embargo, hay que tener en cuenta que el adelantamiento es la primera causa de accidentes mortales en v\u00edas convencionales en nuestro pa\u00eds. El tiempo dir\u00e1 si la medida mejora la seguridad vial en nuestras carreteras o no. En este art\u00edculo te contamos algunos detalles para que puedas conducir <a href=\"https:\/\/sibuscascoche.com\/coches-ocasion\/filtrado?brand=&amp;fuel=&amp;priceMax=300000\" target=\"_blank\" rel=\"noreferrer noopener\">coches seminuevos<\/a> de forma m\u00e1s segura.<\/p>\n<p><\/p>\n<p><\/p>\n<h2 class=\"wp-block-heading\">M\u00e1s radares de tramo en carreteras secundarias<\/h2>\n<p><\/p>\n<p><\/p>\n<div class=\"wp-block-image\">\n<figure class=\"alignright size-large\"><img loading=\"lazy\" decoding=\"async\" width=\"300\" height=\"200\" src=\"https:\/\/www.sibuscascoche.com\/noticias\/wp-content\/uploads\/2022\/04\/coches-seminuevos-radares.jpg\" alt=\"coches seminuevos, coche segunda mano, carreteras secundarias, radares de tramo, adelantamiento\" class=\"wp-image-17295\"\/><\/figure>\n<\/div>\n<p><\/p>\n<p><\/p>\n<p>La DGT ha confirmado la instalaci\u00f3n de 16 nuevos radares de tramo en las carreteras de todo el pa\u00eds. Una medida que llega poco despu\u00e9s de la eliminaci\u00f3n del margen de los 20 km\/h para adelantar, lo que ha encendido las cr\u00edticas. Fuentes de la direcci\u00f3n de tr\u00e1fico confirman que podr\u00edan instalarse m\u00e1s radares en los pr\u00f3ximos meses. El propio director de la DGT, Pere Navarro, se ha disculpado afirmando que en otros pa\u00edses del entorno no exist\u00eda ese margen de los 20 km\/h y que el adelantamiento ha causado muchas v\u00edctimas mortales.<\/p>\n<p><\/p>\n<p><\/p>\n<p>El plan inicial es realizar un seguimiento durante el primer a\u00f1o para comprobar la eficacia de estas nuevas medidas y con los resultados en la mano tomar nuevas decisiones. <\/p>\n<p><\/p>\n<p><\/p>\n<h2 class=\"wp-block-heading\">Argumentos a favor y en contra de la medida<\/h2>\n<p><\/p>\n<p><\/p>\n<p>Eliminar el exceso de velocidad en 20 km\/h durante los adelantamientos podr\u00eda traer mejoras en la seguridad vial como:<\/p>\n<p><\/p>\n<p><\/p>\n<ul class=\"wp-block-list\">\n<li>Reducci\u00f3n de los accidentes con v\u00edctimas mortales.<\/li>\n<li>Reducci\u00f3n de la velocidad en v\u00edas que no est\u00e1n preparadas para soportar altas velocidades.<\/li>\n<li>Reducci\u00f3n de la velocidad a la que se somete al parque m\u00f3vil de nuestro pa\u00eds, el cual est\u00e1 bastante envejecido y no preparado para ello.<\/li>\n<\/ul>\n<p><\/p>\n<p><\/p>\n<p>Otras voces apuntan que con el cambio de la ley:<\/p>\n<p><\/p>\n<p><\/p>\n<ul class=\"wp-block-list\">\n<li>Aumentar\u00e1 el n\u00famero de impactos, ya que la exposici\u00f3n a un choque frontal es muy superior.<\/li>\n<li>Supondr\u00e1 un elevado coste econ\u00f3mico, por el cambio de se\u00f1alizaci\u00f3n.<\/li>\n<li>Aumentar\u00e1 la densidad de tr\u00e1fico en v\u00edas secundarias, reduciendo su fluidez.<\/li>\n<li>Aumentar\u00e1 las sanciones por la nueva y mayor instalaci\u00f3n de radares de tramo<\/li>\n<\/ul>\n<p><\/p>\n<p><\/p>\n<p>Tanto si conduces un coche nuevo como un <a href=\"https:\/\/sibuscascoche.com\/\" target=\"_blank\" rel=\"noreferrer noopener\">coche segunda mano <\/a>o coches seminuevos no podr\u00e1s alegar que estabas realizando un adelantamiento si eres pillado por un radar a una velocidad superior de la que marca la v\u00eda por la que circulabas. Ahora m\u00e1s que nunca, reduce la velocidad al volante y evita las maniobras peligrosas, por tu seguridad y por la de todos los usuarios de la v\u00eda.<\/p>\n<p><\/p>\n","protected":false},"excerpt":{"rendered":"<p>La nueva Ley de Tr\u00e1fico que ha entrado en vigor el pasado 21 de marzo ha eliminado el margen de los 20 km\/h en adelantamientos y las cr\u00edticas no se<\/p>\n","protected":false},"author":6,"featured_media":17296,"comment_status":"closed","ping_status":"open","sticky":false,"template":"","format":"standard","meta":{"footnotes":""},"categories":[1],"tags":[1538,488],"class_list":["post-17293","post","type-post","status-publish","format-standard","has-post-thumbnail","hentry","category-actualidad","tag-adelantamientos","tag-radares"],"_links":{"self":[{"href":"https:\/\/www.sibuscascoche.com\/noticias\/wp-json\/wp\/v2\/posts\/17293","targetHints":{"allow":["GET"]}}],"collection":[{"href":"https:\/\/www.sibuscascoche.com\/noticias\/wp-json\/wp\/v2\/posts"}],"about":[{"href":"https:\/\/www.sibuscascoche.com\/noticias\/wp-json\/wp\/v2\/types\/post"}],"author":[{"embeddable":true,"href":"https:\/\/www.sibuscascoche.com\/noticias\/wp-json\/wp\/v2\/users\/6"}],"replies":[{"embeddable":true,"href":"https:\/\/www.sibuscascoche.com\/noticias\/wp-json\/wp\/v2\/comments?post=17293"}],"version-history":[{"count":3,"href":"https:\/\/www.sibuscascoche.com\/noticias\/wp-json\/wp\/v2\/posts\/17293\/revisions"}],"predecessor-version":[{"id":17348,"href":"https:\/\/www.sibuscascoche.com\/noticias\/wp-json\/wp\/v2\/posts\/17293\/revisions\/17348"}],"wp:featuredmedia":[{"embeddable":true,"href":"https:\/\/www.sibuscascoche.com\/noticias\/wp-json\/wp\/v2\/media\/17296"}],"wp:attachment":[{"href":"https:\/\/www.sibuscascoche.com\/noticias\/wp-json\/wp\/v2\/media?parent=17293"}],"wp:term":[{"taxonomy":"category","embeddable":true,"href":"https:\/\/www.sibuscascoche.com\/noticias\/wp-json\/wp\/v2\/categories?post=17293"},{"taxonomy":"post_tag","embeddable":true,"href":"https:\/\/www.sibuscascoche.com\/noticias\/wp-json\/wp\/v2\/tags?post=17293"}],"curies":[{"name":"wp","href":"https:\/\/api.w.org\/{rel}","templated":true}]}}