{"id":1714,"date":"2014-02-27T10:15:47","date_gmt":"2014-02-27T09:15:47","guid":{"rendered":"https:\/\/www.sibuscascoche.com\/noticias\/?p=1714"},"modified":"2014-02-27T10:37:29","modified_gmt":"2014-02-27T09:37:29","slug":"rally-cocido-inaugura-campeonato-gallego-rally","status":"publish","type":"post","link":"https:\/\/www.sibuscascoche.com\/noticias\/2014\/rally-cocido-inaugura-campeonato-gallego-rally\/","title":{"rendered":"\u00abRali do cocido\u00bb inaugura, una vez m\u00e1s, el campeonato gallego"},"content":{"rendered":"<p><img loading=\"lazy\" decoding=\"async\" class=\"alignright  wp-image-1721\" alt=\"rali do cocido, coche ocasi\u00f3n\" src=\"https:\/\/www.sibuscascoche.com\/noticias\/wp-content\/uploads\/2014\/02\/campeonato-gallego-rally.jpg\" width=\"216\" height=\"314\" srcset=\"https:\/\/www.sibuscascoche.com\/noticias\/wp-content\/uploads\/2014\/02\/campeonato-gallego-rally.jpg 300w, https:\/\/www.sibuscascoche.com\/noticias\/wp-content\/uploads\/2014\/02\/campeonato-gallego-rally-206x300.jpg 206w\" sizes=\"auto, (max-width: 216px) 100vw, 216px\" \/><\/p>\n<p style=\"text-align: justify;\">Un a\u00f1o m\u00e1s da comienzo el campeonato gallego de rally, como es tradici\u00f3n, la competici\u00f3n se iniciar\u00e1 en Lal\u00edn, con el \u201cRali do Cocido\u201d. Esta edici\u00f3n, que es ya la vig\u00e9sima,\u00a0<b>tendr\u00e1 lugar entre el 7 y el 8 de marzo.<\/b><\/p>\n<p style=\"text-align: justify;\">La lista de inscritos en esta ocasi\u00f3n es realmente buena, ya que muchos pilotos de los grandes equipos han dejado el Campeonato de Espa\u00f1a y vuelven, por lo tanto, al auton\u00f3mico. Entre los nombres m\u00e1s destacados que ya han confirmado su participaci\u00f3n encontramos a <strong>Alberto Meira o Alberto Otero<\/strong>, los dos pilotos competir\u00e1n con su Mitsubishi Lancer Evo X R4.<\/p>\n<p style=\"text-align: justify;\"><span style=\"line-height: 1.5em;\">El recorrido de la prueba alcanza casi 525 kil\u00f3metros, de los cuales 127 son tramos cronometrados en carreteras asfaltadas cerradas al tr\u00e1fico, est\u00e1 dividido en 2 etapas y 5 secciones.\u00a0<\/span>Sin duda los seguidores de este rally, ya habitualmente numerosos, se ver\u00e1n incrementados en esta edici\u00f3n en la que podr\u00e1 disfrutarse de m\u00e1s nivel y de todav\u00eda m\u00e1s espect\u00e1culo.<\/p>\n<p style=\"text-align: justify;\">Y t\u00fa&#8230; \u00bfte lo vas a perder?<\/p>\n","protected":false},"excerpt":{"rendered":"<p>Un a\u00f1o m\u00e1s da comienzo el campeonato gallego de rally, como es tradici\u00f3n, la competici\u00f3n se iniciar\u00e1 en Lal\u00edn, con el \u201cRali do Cocido\u201d. Esta edici\u00f3n, que es ya la<\/p>\n","protected":false},"author":1,"featured_media":1720,"comment_status":"closed","ping_status":"open","sticky":false,"template":"","format":"standard","meta":{"footnotes":""},"categories":[9],"tags":[57],"class_list":["post-1714","post","type-post","status-publish","format-standard","has-post-thumbnail","hentry","category-eventos","tag-rally"],"_links":{"self":[{"href":"https:\/\/www.sibuscascoche.com\/noticias\/wp-json\/wp\/v2\/posts\/1714","targetHints":{"allow":["GET"]}}],"collection":[{"href":"https:\/\/www.sibuscascoche.com\/noticias\/wp-json\/wp\/v2\/posts"}],"about":[{"href":"https:\/\/www.sibuscascoche.com\/noticias\/wp-json\/wp\/v2\/types\/post"}],"author":[{"embeddable":true,"href":"https:\/\/www.sibuscascoche.com\/noticias\/wp-json\/wp\/v2\/users\/1"}],"replies":[{"embeddable":true,"href":"https:\/\/www.sibuscascoche.com\/noticias\/wp-json\/wp\/v2\/comments?post=1714"}],"version-history":[{"count":11,"href":"https:\/\/www.sibuscascoche.com\/noticias\/wp-json\/wp\/v2\/posts\/1714\/revisions"}],"predecessor-version":[{"id":1729,"href":"https:\/\/www.sibuscascoche.com\/noticias\/wp-json\/wp\/v2\/posts\/1714\/revisions\/1729"}],"wp:featuredmedia":[{"embeddable":true,"href":"https:\/\/www.sibuscascoche.com\/noticias\/wp-json\/wp\/v2\/media\/1720"}],"wp:attachment":[{"href":"https:\/\/www.sibuscascoche.com\/noticias\/wp-json\/wp\/v2\/media?parent=1714"}],"wp:term":[{"taxonomy":"category","embeddable":true,"href":"https:\/\/www.sibuscascoche.com\/noticias\/wp-json\/wp\/v2\/categories?post=1714"},{"taxonomy":"post_tag","embeddable":true,"href":"https:\/\/www.sibuscascoche.com\/noticias\/wp-json\/wp\/v2\/tags?post=1714"}],"curies":[{"name":"wp","href":"https:\/\/api.w.org\/{rel}","templated":true}]}}