{"id":16955,"date":"2021-11-02T08:57:34","date_gmt":"2021-11-02T07:57:34","guid":{"rendered":"https:\/\/www.sibuscascoche.com\/noticias\/?p=16955"},"modified":"2021-11-21T18:37:38","modified_gmt":"2021-11-21T17:37:38","slug":"peajes-autovias-autopistas-vineta-coches-seminuevos","status":"publish","type":"post","link":"https:\/\/www.sibuscascoche.com\/noticias\/2021\/peajes-autovias-autopistas-vineta-coches-seminuevos\/","title":{"rendered":"El fin de los peajes, un sue\u00f1o inalcanzado"},"content":{"rendered":"<p><\/p>\n<p>Las constantes protestas de los conductores por el fin de los elevados peajes en la mayor\u00eda de carreteras espa\u00f1olas parec\u00eda estar haciendo sus frutos pero, frente a todo pron\u00f3stico, un sistema gratuito no ser\u00e1 el cambio de paradigma. El Gobierno espa\u00f1ol ha anunciado recientemente que, en el futuro, las autopistas y autov\u00edas de nuestro pa\u00eds tendr\u00e1n como sistema de ingresos una vi\u00f1eta anual.<\/p>\n<p><\/p>\n<p><\/p>\n<p>Todos los usuarios de autopistas y autov\u00edas tendr\u00e1n que pagar por una etiqueta, que tendr\u00e1n que pegar en su veh\u00edculo, para poder circular por este tipo de v\u00edas. Ser\u00e1 un pago \u00fanico anual. Fuentes del gobierno han anunciado que este sistema podr\u00eda empezar a implantarse en 2023 pero que la idea final es establecer un pago por uso, f\u00f3rmula que ya se utiliza en pa\u00edses como Portugal.<\/p>\n<p><\/p>\n<p><\/p>\n<h2 class=\"wp-block-heading\">Pago anual por uso de autov\u00edas y autopistas<\/h2>\n<p><\/p>\n<p><\/p>\n<p>El nuevo sistema obligar\u00e1 a los conductores a pagar anualmente por tener su adhesivo, una vi\u00f1eta que tendr\u00e1n que colocar en el parabrisas del coche. C\u00e1maras repartidas por las autov\u00edas y autopistas de todo el pa\u00eds comprobar\u00e1n que los usuarios la llevan y pueden circular por este tipo de v\u00edas. Esta nueva estrategia ya se utiliza en otros pa\u00edses europeos como Austria o Suiza desde hace a\u00f1os. En nuestro pa\u00eds ya se utilizan este tipo de c\u00e1maras para comprobar ciertas infracciones. En concreto se utilizan para multar a los conductores que no llevan el cintur\u00f3n puesto, los que carecen de seguro o los que circulan sin carnet de conducir.<\/p>\n<p><\/p>\n<p><\/p>\n<div class=\"wp-block-image\">\n<figure class=\"alignleft size-large\"><img loading=\"lazy\" decoding=\"async\" width=\"300\" height=\"200\" src=\"https:\/\/www.sibuscascoche.com\/noticias\/wp-content\/uploads\/2021\/10\/autopista-peaje-vineta.jpg\" alt=\"autopista, autovia, peaje, vi\u00f1eta, coches seminuevos, coche de segunda mano\" class=\"wp-image-16957\" \/><\/figure>\n<\/div>\n<p><\/p>\n<p><\/p>\n<p>La vi\u00f1eta ser\u00e1 un primer paso, un ensayo para la implementaci\u00f3n en el futuro de un sistema de pago por uso. La idea es colocar peajes electr\u00f3nicos que al entrar en v\u00edas de este tipo lean la matr\u00edcula del veh\u00edculo y se cobre una cantidad determinada en funci\u00f3n de la v\u00eda, el veh\u00edculo y el tramo recorrido. Si vas a comprar coches seminuevos o un coche de segunda mano opta por veh\u00edculos poco contaminantes ya que podr\u00eda salirte caro en el futuro.<\/p>\n<p><\/p>\n<p><\/p>\n<p>El gobierno tratar\u00e1 de anunciar esta nueva medida antes de que finalice el a\u00f1o para buscar apoyos sociales, empresariales y pol\u00edticos. La idea es llevar el proyecto de ley a parlamento y aprobarlo para comenzar a implementarlo en el primer trimestre de 2023.<\/p>\n<p><\/p>\n<p><\/p>\n<p>Por el momento se desconocen los precios de la vi\u00f1eta pero si que este sistema podr\u00eda beneficiar a usuarios que utilicen mucho este tipo de v\u00edas. Sin embargo, un sistema de pago por uso permitir\u00eda una mayor recaudaci\u00f3n para las arcas del Estado.<\/p>\n<p><\/p>\n","protected":false},"excerpt":{"rendered":"<p>Las constantes protestas de los conductores por el fin de los elevados peajes en la mayor\u00eda de carreteras espa\u00f1olas parec\u00eda estar haciendo sus frutos pero, frente a todo pron\u00f3stico, un<\/p>\n","protected":false},"author":6,"featured_media":16958,"comment_status":"closed","ping_status":"open","sticky":false,"template":"","format":"standard","meta":{"footnotes":""},"categories":[1],"tags":[1593,1549,1592],"class_list":["post-16955","post","type-post","status-publish","format-standard","has-post-thumbnail","hentry","category-actualidad","tag-autovias-y-autopistas","tag-coches-seminuevos","tag-peajes"],"_links":{"self":[{"href":"https:\/\/www.sibuscascoche.com\/noticias\/wp-json\/wp\/v2\/posts\/16955","targetHints":{"allow":["GET"]}}],"collection":[{"href":"https:\/\/www.sibuscascoche.com\/noticias\/wp-json\/wp\/v2\/posts"}],"about":[{"href":"https:\/\/www.sibuscascoche.com\/noticias\/wp-json\/wp\/v2\/types\/post"}],"author":[{"embeddable":true,"href":"https:\/\/www.sibuscascoche.com\/noticias\/wp-json\/wp\/v2\/users\/6"}],"replies":[{"embeddable":true,"href":"https:\/\/www.sibuscascoche.com\/noticias\/wp-json\/wp\/v2\/comments?post=16955"}],"version-history":[{"count":4,"href":"https:\/\/www.sibuscascoche.com\/noticias\/wp-json\/wp\/v2\/posts\/16955\/revisions"}],"predecessor-version":[{"id":17003,"href":"https:\/\/www.sibuscascoche.com\/noticias\/wp-json\/wp\/v2\/posts\/16955\/revisions\/17003"}],"wp:featuredmedia":[{"embeddable":true,"href":"https:\/\/www.sibuscascoche.com\/noticias\/wp-json\/wp\/v2\/media\/16958"}],"wp:attachment":[{"href":"https:\/\/www.sibuscascoche.com\/noticias\/wp-json\/wp\/v2\/media?parent=16955"}],"wp:term":[{"taxonomy":"category","embeddable":true,"href":"https:\/\/www.sibuscascoche.com\/noticias\/wp-json\/wp\/v2\/categories?post=16955"},{"taxonomy":"post_tag","embeddable":true,"href":"https:\/\/www.sibuscascoche.com\/noticias\/wp-json\/wp\/v2\/tags?post=16955"}],"curies":[{"name":"wp","href":"https:\/\/api.w.org\/{rel}","templated":true}]}}