{"id":16841,"date":"2021-10-05T10:12:42","date_gmt":"2021-10-05T08:12:42","guid":{"rendered":"https:\/\/www.sibuscascoche.com\/noticias\/?p=16841"},"modified":"2021-10-05T10:12:43","modified_gmt":"2021-10-05T08:12:43","slug":"coche-seminuevo-electrico-tarifas-luz","status":"publish","type":"post","link":"https:\/\/www.sibuscascoche.com\/noticias\/2021\/coche-seminuevo-electrico-tarifas-luz\/","title":{"rendered":"\u00bfEs una buena opci\u00f3n optar por un coche seminuevo el\u00e9ctrico con las actuales tarifas de la luz?"},"content":{"rendered":"<p><\/p>\n<p>Los veh\u00edculos el\u00e9ctricos tienen un precio mayor que los de combusti\u00f3n por eso es habitual que busquemos ofertas entre estos <strong>coches de segunda mano<\/strong>. No obstante, ha entrado un nuevo actor en esta conversaci\u00f3n, el precio de la luz que est\u00e1 experimentando sus momentos m\u00e1s elevados en nuestro pa\u00eds, y por eso es normal que muchas personas se pregunten si es un buen momento para comprar un<strong> <\/strong><a rel=\"noreferrer noopener\" href=\"https:\/\/www.sibuscascoche.com\/coches-ocasion\/filtrado?brand=&amp;fuel=electrico-phev&amp;priceMax=300000\" target=\"_blank\"><strong>coche seminuevo<\/strong> con motor el\u00e9ctrico<\/a>.<\/p>\n<p><\/p>\n<p><\/p>\n<p>Espa\u00f1a cuenta con un <strong>parque automovil\u00edstico muy anticuado<\/strong> con una edad media de 13 a\u00f1os, con lo que esto conlleva en materia de seguridad y contaminaci\u00f3n. Por ello el gobierno ha puesto en marcha diversos planes para renovar la flota de veh\u00edculos oficiales por coches con la <strong>etiqueta cero emisiones de la DGT<\/strong> e incentivar la compra de este tipo de veh\u00edculo a trav\u00e9s de distintas ayudas econ\u00f3micas. El problema es que a pesar de estos incentivos el precio de los veh\u00edculos el\u00e9ctricos contin\u00faa siendo considerablemente m\u00e1s elevado que el del resto de veh\u00edculos y, por lo tanto, no es apto para todos los bolsillos. Un coche de segunda mano el\u00e9ctrico pasa a ser una opci\u00f3n muy adecuada en estos casos, ya que un el\u00e9ctrico a igualdad de kilometraje y edad que un veh\u00edculo con motor de combusti\u00f3n  <strong>tiende a dar menos problemas<\/strong>, ya que su funcionamiento es m\u00e1s sencillo y con menos piezas y mantenimiento. Un <strong>coche seminuevo<\/strong> <strong>el\u00e9ctrico<\/strong> <strong>bien mantenido<\/strong> es por lo tanto una buena opci\u00f3n de compra.<\/p>\n<p><\/p>\n<p><\/p>\n<figure class=\"wp-block-image size-large\"><img loading=\"lazy\" decoding=\"async\" width=\"600\" height=\"375\" src=\"https:\/\/www.sibuscascoche.com\/noticias\/wp-content\/uploads\/2021\/09\/parking-coche-electrico.jpg\" alt=\"coche seminuevo\" class=\"wp-image-16847\" srcset=\"https:\/\/www.sibuscascoche.com\/noticias\/wp-content\/uploads\/2021\/09\/parking-coche-electrico.jpg 600w, https:\/\/www.sibuscascoche.com\/noticias\/wp-content\/uploads\/2021\/09\/parking-coche-electrico-300x188.jpg 300w\" sizes=\"auto, (max-width: 600px) 100vw, 600px\" \/><\/figure>\n<p><\/p>\n<p><\/p>\n<p>\u00bfPero qu\u00e9 ocurre si a\u00f1adimos las tarifas de la luz al alza a esta ecuaci\u00f3n? Adentrarnos en este ca\u00f3tico mundo supone dar por hecho que lo que pagamos de energ\u00eda var\u00eda d\u00eda a d\u00eda, por lo que <strong>puede llegar a ser complicado hacer una aproximaci\u00f3n del gasto<\/strong> <strong>mensual<\/strong> que supone recargar el coche. Pese a ello, vamos a intentar calcular cuanto dinero supondr\u00eda cargar el coche en casa <strong>durante un mes<\/strong>, para comparar el resultado con lo que nos costar\u00eda si el veh\u00edculo fuese de gasolina o di\u00e9sel.<\/p>\n<p><\/p>\n<p><\/p>\n<p>La tarifa actual se divide en tramos horarios, seg\u00fan el que escojamos para conectar nuestro coche <strong>nos saldr\u00e1 m\u00e1s o menos caro<\/strong>. Para este ejemplo vamos a usar el <strong>Tramo Valle<\/strong> (de 00:00 h a 8 d\u00edas laborables y las 24 horas de s\u00e1bados, domingos y festivos), en cuanto al precio del Kw\/h emplearemos el que actualmente oferta Endesa en la tarifa One Luz 3 Periodos, que es de <strong>0,1222 \u20ac\/kWh<\/strong>. <\/p>\n<p><\/p>\n<p><\/p>\n<h2 class=\"wp-block-heading\">C\u00e1lculo del gasto en electricidad<\/h2>\n<p><\/p>\n<p><\/p>\n<p>Nuestro sujeto de pruebas va a ser un <strong>Volkswagen Golf en su versi\u00f3n 100 % el\u00e9ctrica<\/strong> (que puede ser un maravilloso candidato como coche seminuevo), con un <strong>consumo medio de 15,4 kWh\/100 km<\/strong>. Pongamos que vamos a realizar un total de <strong>1.000 km al mes<\/strong> con nuestro veh\u00edculo.<\/p>\n<p><\/p>\n<p><\/p>\n<p>Multiplicamos por 10 para pasar los <strong>15,4 kwh\/100 km a 154 kwh\/1.000 km<\/strong>; esta es la cantidad de energ\u00eda que necesitaremos para hacer funcionar nuestro veh\u00edculo durante todo el mes.<\/p>\n<p><\/p>\n<p><\/p>\n<p>Ahora multiplicamos los 154kwh por la tarifa de 0,1222\u20ac\/kWh, lo que nos da un total de <strong>18,82 \u20ac mensuales<\/strong>.<\/p>\n<p><\/p>\n<p><\/p>\n<h2 class=\"wp-block-heading\">C\u00e1lculo del gasto en di\u00e9sel<\/h2>\n<p><\/p>\n<p><\/p>\n<p>Un <strong>Volkswagen Golf TDI 2.0 con 150 cv <\/strong>del a\u00f1o 2019, que podemos encontrar como<strong> coche de segunda mano, <\/strong>tiene un consumo medio de 4,2\u00a0 l\/100km. El <a rel=\"noreferrer noopener\" href=\"https:\/\/energia.gob.es\/petroleo\/Informes\/InformesMensuales\/DatosBibliotecaConsumer\/2021\/Julio%202021.pdf\" target=\"_blank\">precio medio del di\u00e9sel en el mes de julio de 2021<\/a> en Galicia fue de <strong>1,28 \u20ac<\/strong>.<\/p>\n<p><\/p>\n<p><\/p>\n<p>Si repetimos la misma f\u00f3rmula que con el el\u00e9ctrico nos da que el consumo del Golf es de 42\u00a0 l\/1.000km y un precio de <strong>53,76 \u20ac para poder realizar los kil\u00f3metros marcados<\/strong>.<\/p>\n<p><\/p>\n<p><\/p>\n<h2 class=\"wp-block-heading\">C\u00e1lculo del gasto en gasolina <\/h2>\n<p><\/p>\n<p><\/p>\n<p>Un <strong>Golf a gasolina TFSI 1.5 con 150 cv<\/strong> del a\u00f1o 2019 tiene un consumo medio de <strong>5,1 l\/100km<\/strong>. El precio de la gasolina en agosto de 2021 en Galicia fue de 1,42 \u20ac .<\/p>\n<p><\/p>\n<p><\/p>\n<p>Repetimos la misma operaci\u00f3n que con el di\u00e9sel y el el\u00e9ctrico y nos da el siguiente resultado: 51 l\/1.000km de consumo, multiplicados por 1,33 \u20ac de precio medio son <strong>72,42 \u20ac que gastaremos al mes<\/strong>.<\/p>\n<p><\/p>\n<p><\/p>\n<p>En resumidas cuentas, pese a la subida de los precios de la luz y la locura del mercado, <strong>sigue compensando por mucho tener un el\u00e9ctrico en el d\u00eda a d\u00eda<\/strong>, siempre y cuando lo enchufemos a la corriente en el horario m\u00e1s econ\u00f3mico. Si buscas un <strong>coche seminuevo el\u00e9ctrico<\/strong> en nuestra web podr\u00e1s encontrar una amplia selecci\u00f3n y si tienes cualquier duda estaremos encantados de orientarte y aconsejarte. <strong>\u00bfA que esperas?<\/strong>&nbsp;&nbsp;<\/p>\n<p><\/p>\n","protected":false},"excerpt":{"rendered":"<p>Los veh\u00edculos el\u00e9ctricos tienen un precio mayor que los de combusti\u00f3n por eso es habitual que busquemos ofertas entre estos coches de segunda mano. No obstante, ha entrado un nuevo<\/p>\n","protected":false},"author":6,"featured_media":16844,"comment_status":"closed","ping_status":"open","sticky":false,"template":"","format":"standard","meta":{"footnotes":""},"categories":[1],"tags":[1581,619,725],"class_list":["post-16841","post","type-post","status-publish","format-standard","has-post-thumbnail","hentry","category-actualidad","tag-actualidad","tag-coche-electrico","tag-coche-seminuevo"],"_links":{"self":[{"href":"https:\/\/www.sibuscascoche.com\/noticias\/wp-json\/wp\/v2\/posts\/16841","targetHints":{"allow":["GET"]}}],"collection":[{"href":"https:\/\/www.sibuscascoche.com\/noticias\/wp-json\/wp\/v2\/posts"}],"about":[{"href":"https:\/\/www.sibuscascoche.com\/noticias\/wp-json\/wp\/v2\/types\/post"}],"author":[{"embeddable":true,"href":"https:\/\/www.sibuscascoche.com\/noticias\/wp-json\/wp\/v2\/users\/6"}],"replies":[{"embeddable":true,"href":"https:\/\/www.sibuscascoche.com\/noticias\/wp-json\/wp\/v2\/comments?post=16841"}],"version-history":[{"count":9,"href":"https:\/\/www.sibuscascoche.com\/noticias\/wp-json\/wp\/v2\/posts\/16841\/revisions"}],"predecessor-version":[{"id":16950,"href":"https:\/\/www.sibuscascoche.com\/noticias\/wp-json\/wp\/v2\/posts\/16841\/revisions\/16950"}],"wp:featuredmedia":[{"embeddable":true,"href":"https:\/\/www.sibuscascoche.com\/noticias\/wp-json\/wp\/v2\/media\/16844"}],"wp:attachment":[{"href":"https:\/\/www.sibuscascoche.com\/noticias\/wp-json\/wp\/v2\/media?parent=16841"}],"wp:term":[{"taxonomy":"category","embeddable":true,"href":"https:\/\/www.sibuscascoche.com\/noticias\/wp-json\/wp\/v2\/categories?post=16841"},{"taxonomy":"post_tag","embeddable":true,"href":"https:\/\/www.sibuscascoche.com\/noticias\/wp-json\/wp\/v2\/tags?post=16841"}],"curies":[{"name":"wp","href":"https:\/\/api.w.org\/{rel}","templated":true}]}}