{"id":16829,"date":"2021-10-05T09:37:21","date_gmt":"2021-10-05T07:37:21","guid":{"rendered":"https:\/\/www.sibuscascoche.com\/noticias\/?p=16829"},"modified":"2021-10-05T09:37:23","modified_gmt":"2021-10-05T07:37:23","slug":"guia-escoger-casa-sobre-ruedas","status":"publish","type":"post","link":"https:\/\/www.sibuscascoche.com\/noticias\/2021\/guia-escoger-casa-sobre-ruedas\/","title":{"rendered":"Gu\u00eda para escoger tu pr\u00f3xima casa sobre ruedas"},"content":{"rendered":"<p><\/p>\n<p>Lleg\u00f3 el oto\u00f1o y con \u00e9l se acaba la temporada oficial de <em>van-life<\/em>, por lo que algunas personas se plantean vender su casa sobre ruedas, mientras otras empiezan ahora a buscar <a href=\"https:\/\/www.sibuscascoche.com\/carroceria\/vehiculoindustrial\">ofertas interesantes en furgonetas<\/a> camperizadas, caravanas, autocaravanas e incluso <strong>coches seminuevos<\/strong> que por tama\u00f1o y prestaciones sean aptos para pasar una o varias noches bajo las estrellas.<\/p>\n<p><\/p>\n<p><\/p>\n<p>Ahora que ya tenemos claro que es un buen momento para hacernos con una camper de segunda mano vamos a hablar de cual es el veh\u00edculo que mejor puede encajar y c\u00f3mo y d\u00f3nde podemos dormir.<\/p>\n<p><\/p>\n<p><\/p>\n<h2 class=\"wp-block-heading\"><strong>\u00bfQu\u00e9 formato de camper escojo?<\/strong><\/h2>\n<p><\/p>\n<p><\/p>\n<p>La respuesta a esta pregunta va a depender de dos factores: el presupuesto y el uso que le vayamos a dar.<\/p>\n<p><\/p>\n<p><\/p>\n<p><strong>Coche familiar: <\/strong>si nuestro presupuesto es bastante apretado no por ello debemos renunciar a la posibilidad de tener nuestra propia casa con ruedas, debemos pensar en coches seminuevos con carrocer\u00eda familiar (tambi\u00e9n llamados<em> wagon<\/em> o ranchera), que pueden ser muy pr\u00e1cticos y vers\u00e1tiles <strong>por poco dinero<\/strong>. Si los asientos traseros del veh\u00edculo se pueden tumbar dando lugar a una superficie totalmente plana, ya tendremos mucho trabajo hecho. Existen m\u00f3dulos prefabricados que hacen de somier para un colch\u00f3n o colchoneta, para soluciones de almacenaje podemos colocar un ba\u00fal portaequipajes en la baca del coche o ayudarnos del espacio libre bajo los asientos delanteros. En nuestros <strong>concesionarios de Galicia<\/strong> podr\u00e1s encontrar varios modelos totalmente aptos para este uso.<\/p>\n<p><\/p>\n<p><\/p>\n<p><strong>Furgoneta camper: <\/strong>aqu\u00ed tenemos dos opciones, buscar un modelo preparado para poder pasar la noche en su interior como es el caso de la furgo Volkswagen California, o buscar una unidad y adaptarla. Las ventajas frente a un veh\u00edculo convencional son bastante obvias, <strong>m\u00e1s espacio y comodidad, eso s\u00ed, a un precio superior<\/strong>. Si somos un poco manitas y queremos fabricar nuestra propia camper podemos encargar un m\u00f3dulo que solo tengamos que instalar, o fabricarlo nosotros mismos. Adem\u00e1s de <strong>coches seminuevos<\/strong>, en nuestra web y <strong>concesionarios de Galicia<\/strong> tenemos una secci\u00f3n de veh\u00edculos comerciales que pueden resultar ideales para ser camperizados.\u00a0<\/p>\n<p><\/p>\n<p><\/p>\n<figure class=\"wp-block-image size-large\"><img loading=\"lazy\" decoding=\"async\" width=\"600\" height=\"375\" src=\"https:\/\/www.sibuscascoche.com\/noticias\/wp-content\/uploads\/2021\/09\/furgoneta-camperizada.jpg\" alt=\"coches seminuevos\" class=\"wp-image-16838\" srcset=\"https:\/\/www.sibuscascoche.com\/noticias\/wp-content\/uploads\/2021\/09\/furgoneta-camperizada.jpg 600w, https:\/\/www.sibuscascoche.com\/noticias\/wp-content\/uploads\/2021\/09\/furgoneta-camperizada-300x188.jpg 300w\" sizes=\"auto, (max-width: 600px) 100vw, 600px\" \/><\/figure>\n<p><\/p>\n<p><\/p>\n<p>Debemos tener mucho ojo en el caso de que vayamos a preparar nosotros mismos\u00a0el coche o la furgo, ya que puede ser necesario homologar ciertas  reformas del veh\u00edculo, \u00a1inf\u00f3rmate primero! <\/p>\n<p><\/p>\n<p><\/p>\n<p><strong>Caravana: <\/strong>una de las opciones m\u00e1s habituales para pasar unos d\u00edas disfrutando del aire libre es la caravana o autocaravana, en su opci\u00f3n 2 en 1. En el caso de la caravana, al tratarse de un remolque, nuestro <strong>veh\u00edculo <\/strong>particular <strong>debe contar con una bola de enganche fijo o abatible<\/strong>. Existen caravanas de muchos tama\u00f1os y disposiciones, pero todas suelen estar bien equipadas con <strong>cocina, ba\u00f1o, espacio de almacenaje y dormitorio<\/strong>. En el caso de que hagamos una escapada a un camping siempre podremos aparcar la caravana, desenganchar el coche y dispondremos de nuestro veh\u00edculo para movernos con libertad.<\/p>\n<p><\/p>\n<p><\/p>\n<p><strong>Autocaravana: <\/strong>su coste, m\u00e1s elevado que el de cualquiera de las opciones que comentamos antes, hace que cada vez con m\u00e1s frecuencia muchas personas opten por alquilar estos veh\u00edculos que est\u00e1n parados gran parte del a\u00f1o. Por otro lado, su enorme superficie\u00a0convierte a la autocaravana en <strong>la soluci\u00f3n m\u00e1s c\u00f3moda<\/strong> de todas. Un apunte, los motores de estos veh\u00edculos suelen tener unos consumos muy altos ya que deben ser capaces de mover con cierta soltura unos aut\u00e9nticos gigantes de la carretera con pesos que en muchas ocasiones sobrepasan los 3.500 kg.<\/p>\n<p><\/p>\n<p><\/p>\n<h2 class=\"wp-block-heading\"><strong>\u00bfPuedo dormir en cualquier sitio?<\/strong><\/h2>\n<p><\/p>\n<p><\/p>\n<p>Para responder a esta pregunta tenemos que conocer antes las diferencias entre:<\/p>\n<p><\/p>\n<p><\/p>\n<p><strong>Estacionar:<\/strong> dejar aparcado nuestro veh\u00edculo en una superficie habilitada para ello, <strong>siempre y cuando no sobrepasemos las dimensiones<\/strong> (marcas viales) delimitadas en el asfalto. En el caso de un coche o una furgoneta camperizada podremos aparcar en <strong>casi cualquier plaza<\/strong> tanto dentro como fuera de la ciudad. Con las caravanas y autocaravanas ser\u00e1 m\u00e1s complicado encontrar plazas que puedan servir.<\/p>\n<p><\/p>\n<p><\/p>\n<p><strong>Acampar: <\/strong>se considerar\u00e1 que estamos acampando <strong>siempre que sobrepasemos las limitaciones de estacionamiento<\/strong>, esto sucede si desplegamos un toldo o una mesa.<\/p>\n<p><\/p>\n<p><\/p>\n<p><strong>Pernoctar:<\/strong> pasar la noche fuera de nuestra residencia habitual. Sea en una camper o en un hotel.&nbsp;&nbsp;<\/p>\n<p><\/p>\n<p><\/p>\n<p>En principio puedes estacionar tu veh\u00edculo en cualquier lugar habilitado para ello, pero a la hora de pernoctar dentro de este tienes que tener en cuenta que podr\u00e1s hacerlo tanto en v\u00eda urbana c\u00f3mo interurbana siempre y cuando no extiendas mobiliario, toldos o cualquier cosa que altere el largo y ancho del veh\u00edculo. <\/p>\n<p><\/p>\n<p><\/p>\n<p><em>Direcci\u00f3n General de Tr\u00e1fico considera que mientras un veh\u00edculo cualquiera est\u00e1 correctamente estacionado, sin sobrepasar las marcas viales de delimitaci\u00f3n de la zona de estacionamiento, ni la limitaci\u00f3n temporal del mismo, si la hubiere, <\/em><strong><em>no es relevante el hecho de que sus ocupantes se encuentren en el interior del mismo y la autocaravana no es una excepci\u00f3n<\/em><\/strong><em>, bastando con que la actividad que pueda desarrollarse en su interior no trascienda al exterior mediante el despliegue de elementos que desborden el per\u00edmetro del veh\u00edculo.<\/em><\/p>\n<p><\/p>\n<p><\/p>\n<p>Si te pica el gusanillo de la <em>van-life<\/em>, en nuestra web podr\u00e1s encontrar <strong>coches seminuevos<\/strong> con concarrocer\u00eda familiar y veh\u00edculos comerciales totalmente aptos para ser camperizados. \u00bfQue nos dices? \u00bfTe animas? &#x1f64a;.<\/p>\n<p><\/p>\n<p><\/p>\n<p>Como ves puedes disfrutar de tu camper sin mayores limitaciones, <strong>siempre que tengas en cuenta estos peque\u00f1os consejos<\/strong> que te damos. Para estar totalmente seguro y evitar posibles multas es <strong>muy recomendable que  consultes la normativa del municipio <\/strong>en el que vas a <strong>pernoctar<\/strong>, para informarte de aquellos lugares en los que est\u00e1 prohibido por el propio ayuntamiento.<\/p>\n<p><\/p>\n","protected":false},"excerpt":{"rendered":"<p>Lleg\u00f3 el oto\u00f1o y con \u00e9l se acaba la temporada oficial de van-life, por lo que algunas personas se plantean vender su casa sobre ruedas, mientras otras empiezan ahora a<\/p>\n","protected":false},"author":6,"featured_media":16836,"comment_status":"closed","ping_status":"open","sticky":false,"template":"","format":"standard","meta":{"footnotes":""},"categories":[1],"tags":[1580,218,196],"class_list":["post-16829","post","type-post","status-publish","format-standard","has-post-thumbnail","hentry","category-actualidad","tag-camper","tag-consejos","tag-normativa"],"_links":{"self":[{"href":"https:\/\/www.sibuscascoche.com\/noticias\/wp-json\/wp\/v2\/posts\/16829","targetHints":{"allow":["GET"]}}],"collection":[{"href":"https:\/\/www.sibuscascoche.com\/noticias\/wp-json\/wp\/v2\/posts"}],"about":[{"href":"https:\/\/www.sibuscascoche.com\/noticias\/wp-json\/wp\/v2\/types\/post"}],"author":[{"embeddable":true,"href":"https:\/\/www.sibuscascoche.com\/noticias\/wp-json\/wp\/v2\/users\/6"}],"replies":[{"embeddable":true,"href":"https:\/\/www.sibuscascoche.com\/noticias\/wp-json\/wp\/v2\/comments?post=16829"}],"version-history":[{"count":12,"href":"https:\/\/www.sibuscascoche.com\/noticias\/wp-json\/wp\/v2\/posts\/16829\/revisions"}],"predecessor-version":[{"id":16945,"href":"https:\/\/www.sibuscascoche.com\/noticias\/wp-json\/wp\/v2\/posts\/16829\/revisions\/16945"}],"wp:featuredmedia":[{"embeddable":true,"href":"https:\/\/www.sibuscascoche.com\/noticias\/wp-json\/wp\/v2\/media\/16836"}],"wp:attachment":[{"href":"https:\/\/www.sibuscascoche.com\/noticias\/wp-json\/wp\/v2\/media?parent=16829"}],"wp:term":[{"taxonomy":"category","embeddable":true,"href":"https:\/\/www.sibuscascoche.com\/noticias\/wp-json\/wp\/v2\/categories?post=16829"},{"taxonomy":"post_tag","embeddable":true,"href":"https:\/\/www.sibuscascoche.com\/noticias\/wp-json\/wp\/v2\/tags?post=16829"}],"curies":[{"name":"wp","href":"https:\/\/api.w.org\/{rel}","templated":true}]}}