{"id":16788,"date":"2021-07-12T09:57:00","date_gmt":"2021-07-12T07:57:00","guid":{"rendered":"https:\/\/www.sibuscascoche.com\/noticias\/?p=16788"},"modified":"2021-08-06T10:16:24","modified_gmt":"2021-08-06T08:16:24","slug":"mascarilla-coche","status":"publish","type":"post","link":"https:\/\/www.sibuscascoche.com\/noticias\/2021\/mascarilla-coche\/","title":{"rendered":"La mascarilla en el coche en la actualidad"},"content":{"rendered":"<p><\/p>\n<p>La pandemia ha marcado pr\u00e1cticamente todos los aspectos de nuestra vida durante este \u00faltimo a\u00f1o y medio. Por el momento todo apunta a que esto va a continuar. Es cierto que poco a poco vamos volviendo a la normalidad, pero este ser\u00e1 un proceso largo que llevar\u00e1 tiempo. Concretamente el pasado 26 de junio el presidente del Gobierno, Pedro S\u00e1nchez, anunciaba la retirada de las mascarillas en espacios exteriores, con algunos matices, claro. Siempre que cambia una medida nos asaltan muchas dudas que no sabemos resolver con certeza.<\/p>\n<p><\/p>\n<p><\/p>\n<p>El coche ha sido siempre una de las dudas m\u00e1s recurrentes. La posibilidad de viajar varias personas durante la pandemia en el mismo coche, el uso de la mascarilla en este\u2026 Precisamente de esto vamos a hablar en este art\u00edculo, del uso de las mascarillas en el coche tras los nuevos cambios de cara a la normalidad.<\/p>\n<p><\/p>\n<p><\/p>\n<div class=\"wp-block-image\">\n<figure class=\"alignright size-large\"><img loading=\"lazy\" decoding=\"async\" width=\"300\" height=\"200\" src=\"https:\/\/www.sibuscascoche.com\/noticias\/wp-content\/uploads\/2021\/07\/coche-segunda-mano-si-buscas-coche-1.jpg\" alt=\"\" class=\"wp-image-16790\"\/><\/figure>\n<\/div>\n<p><\/p>\n<p><\/p>\n<p>En la actualidad la mascarilla no es obligatoria en exteriores, pero si lo es en espacios cerrados.  Esto  incluye en ocasiones tambi\u00e9n los coches y otros medios de transporte. As\u00ed, seg\u00fan la Ley 2\/2021, de 29 de marzo que regula el uso de la mascarilla en espacios cerrados, en este momento y probablemente a lo largo de todo el verano, la mascarilla seguir\u00e1 siendo obligatoria tanto en el autob\u00fas como en el tren. En el caso del coche tambi\u00e9n es obligatoria la mascarilla si los pasajeros del turismo no son convivientes. Esta norma mantiene la l\u00f3gica puesto que se ha retirado su obligatoriedad en espacio exteriores siempre que se mantenga la distancia de seguridad, situaci\u00f3n que dentro del coche, es pr\u00e1cticamente imposible.<\/p>\n<p><\/p>\n<p><\/p>\n<p>Si viajas solo no es necesario llevar mascarilla. Con todo, recomendamos  llevar al menos una en el coche ya que hay situaciones en las que su uso si es obligatorio. Ser\u00e1 imprescindible el uso de mascarilla si tienes que bajar a repostar o para pagar manualmente en el peaje, por ejemplo, por lo que siempre debemos llevar una en el veh\u00edculo.<\/p>\n<p><\/p>\n<p><\/p>\n<p>El uso o no de la mascarilla en el coche no conlleva sanciones de tr\u00e1fico ya que no lo recoge la normativa de tr\u00e1fico. Estas multas ser\u00e1n de car\u00e1cter econ\u00f3mico establecidas por los cuerpos de seguridad del estado y pueden llegar hasta los 100 \u20ac . Sin embargo, retirarla mientras se conduce o llevarla colgada en \u00e1reas del coche donde se reduzca la visibilidad durante la conducci\u00f3n si puede suponer multas de tr\u00e1fico y conllevar por lo tanto retirada de puntos del carn\u00e9 de conducir.<\/p>\n<p><\/p>\n","protected":false},"excerpt":{"rendered":"<p>La pandemia ha marcado pr\u00e1cticamente todos los aspectos de nuestra vida durante este \u00faltimo a\u00f1o y medio. Por el momento todo apunta a que esto va a continuar. Es cierto<\/p>\n","protected":false},"author":6,"featured_media":16791,"comment_status":"closed","ping_status":"open","sticky":false,"template":"","format":"standard","meta":{"footnotes":""},"categories":[1],"tags":[1569],"class_list":["post-16788","post","type-post","status-publish","format-standard","has-post-thumbnail","hentry","category-actualidad","tag-mascarilla"],"_links":{"self":[{"href":"https:\/\/www.sibuscascoche.com\/noticias\/wp-json\/wp\/v2\/posts\/16788","targetHints":{"allow":["GET"]}}],"collection":[{"href":"https:\/\/www.sibuscascoche.com\/noticias\/wp-json\/wp\/v2\/posts"}],"about":[{"href":"https:\/\/www.sibuscascoche.com\/noticias\/wp-json\/wp\/v2\/types\/post"}],"author":[{"embeddable":true,"href":"https:\/\/www.sibuscascoche.com\/noticias\/wp-json\/wp\/v2\/users\/6"}],"replies":[{"embeddable":true,"href":"https:\/\/www.sibuscascoche.com\/noticias\/wp-json\/wp\/v2\/comments?post=16788"}],"version-history":[{"count":6,"href":"https:\/\/www.sibuscascoche.com\/noticias\/wp-json\/wp\/v2\/posts\/16788\/revisions"}],"predecessor-version":[{"id":16834,"href":"https:\/\/www.sibuscascoche.com\/noticias\/wp-json\/wp\/v2\/posts\/16788\/revisions\/16834"}],"wp:featuredmedia":[{"embeddable":true,"href":"https:\/\/www.sibuscascoche.com\/noticias\/wp-json\/wp\/v2\/media\/16791"}],"wp:attachment":[{"href":"https:\/\/www.sibuscascoche.com\/noticias\/wp-json\/wp\/v2\/media?parent=16788"}],"wp:term":[{"taxonomy":"category","embeddable":true,"href":"https:\/\/www.sibuscascoche.com\/noticias\/wp-json\/wp\/v2\/categories?post=16788"},{"taxonomy":"post_tag","embeddable":true,"href":"https:\/\/www.sibuscascoche.com\/noticias\/wp-json\/wp\/v2\/tags?post=16788"}],"curies":[{"name":"wp","href":"https:\/\/api.w.org\/{rel}","templated":true}]}}