{"id":1678,"date":"2014-02-22T17:05:00","date_gmt":"2014-02-22T16:05:00","guid":{"rendered":"https:\/\/www.sibuscascoche.com\/noticias\/?p=1678"},"modified":"2014-02-27T11:02:52","modified_gmt":"2014-02-27T10:02:52","slug":"motorocasion-lugo-salon-coche-ocasion","status":"publish","type":"post","link":"https:\/\/www.sibuscascoche.com\/noticias\/2014\/motorocasion-lugo-salon-coche-ocasion\/","title":{"rendered":"Motorocasi\u00f3n Lugo: el Sal\u00f3n del veh\u00edculo usado"},"content":{"rendered":"<p style=\"text-align: justify;\">Aprovechando la sinergia de <a title=\"Salonauto Lugo\" href=\"https:\/\/www.sibuscascoche.com\/noticias\/2014\/salonauto-lugo-2014-calienta-motores\/\">Salonauto Lugo<\/a>, este mismo a\u00f1o 2014 tendr\u00e1 lugar en la ciudad un nuevo evento automovil\u00edstico, el <b>Motorocasi\u00f3n Lugo<\/b>. Esta vez los protagonistas ser\u00e1n los coches de ocasi\u00f3n y seminuevos que ya celebran su V certamen y en el que podr\u00e1n verse veh\u00edculos de ocasi\u00f3n a precios muy econ\u00f3micos. Y es que debido a la situaci\u00f3n econ\u00f3mica actual, no es de extra\u00f1ar que este tipo de celebraciones gocen de tan buena acogida por parte del p\u00fablico.<\/p>\n<p style=\"text-align: justify;\"><img loading=\"lazy\" decoding=\"async\" class=\"alignright  wp-image-1684\" title=\"Motorocasi\u00f3n Lugo | Sibuscascoche.com\" alt=\"lugo ocasi\u00f3n, coche ocasion, \" src=\"https:\/\/www.sibuscascoche.com\/noticias\/wp-content\/uploads\/2014\/02\/coche-ocasion-lugo.jpg\" width=\"210\" height=\"297\" srcset=\"https:\/\/www.sibuscascoche.com\/noticias\/wp-content\/uploads\/2014\/02\/coche-ocasion-lugo.jpg 300w, https:\/\/www.sibuscascoche.com\/noticias\/wp-content\/uploads\/2014\/02\/coche-ocasion-lugo-212x300.jpg 212w\" sizes=\"auto, (max-width: 210px) 100vw, 210px\" \/>El certamen tendr\u00e1 lugar justo despu\u00e9s del monogr\u00e1fico del autom\u00f3vil nuevo, concretamente <b>entre los d\u00edas 4 y 6 de abril,<\/b> lo cual supone una enorme ventaja pues podr\u00e1n aprovecharse los stands, la moqueta y dem\u00e1s infraestructuras con las que contar\u00e1 el primero, adem\u00e1s de la campa\u00f1a publicitaria y promocional que se realizar\u00e1. Sin duda, una forma de abaratar los costes para los expositores de manera significativa.<\/p>\n<p style=\"text-align: justify;\">El evento tendr\u00e1 lugar en el <b>Pazo de Feiras e Congresos<\/b> que cuenta con nada menos que 9.000 metros cuadrados y que ser\u00e1 ocupado casi en su totalidad, reunir\u00e1 a cientos de veh\u00edculos seminuevos y de ocasi\u00f3n que ofrecen todas las garant\u00edas t\u00e9cnicas a precios muy econ\u00f3micos. Una excelente oportunidad para aquellos que busquen autom\u00f3viles de calidad a un precio m\u00e1s bajo de lo habitual. Pero adem\u00e1s de la oferta automovil\u00edstica, tambi\u00e9n tomar\u00e1n parte de la celebraci\u00f3n importantes empresas de servicios, aseguradoras y financieras para dar a conocer su amplia gama de productos relacionadas con este sector.<\/p>\n<p style=\"text-align: justify;\"><span style=\"line-height: 1.5em;\">El objetivo es dinamizar el mercado automovil\u00edstico, \u00a0<\/span><b style=\"line-height: 1.5em;\">favorecer la venta de veh\u00edculos tanto nuevos como usados <\/b><span style=\"line-height: 1.5em;\">y mostrar las propuestas m\u00e1s innovadoras en un sector industrial que se encuentra en constante evoluci\u00f3n. Adem\u00e1s permitir\u00e1n que el p\u00fablico pueda\u00a0 comparar, probar, financiar y asegurar el autom\u00f3vil deseado.<\/span><\/p>\n","protected":false},"excerpt":{"rendered":"<p>Aprovechando la sinergia de Salonauto Lugo, este mismo a\u00f1o 2014 tendr\u00e1 lugar en la ciudad un nuevo evento automovil\u00edstico, el Motorocasi\u00f3n Lugo. Esta vez los protagonistas ser\u00e1n los coches de<\/p>\n","protected":false},"author":1,"featured_media":1683,"comment_status":"closed","ping_status":"open","sticky":false,"template":"","format":"standard","meta":{"footnotes":""},"categories":[9],"tags":[40],"class_list":["post-1678","post","type-post","status-publish","format-standard","has-post-thumbnail","hentry","category-eventos","tag-salones-del-automovil"],"_links":{"self":[{"href":"https:\/\/www.sibuscascoche.com\/noticias\/wp-json\/wp\/v2\/posts\/1678","targetHints":{"allow":["GET"]}}],"collection":[{"href":"https:\/\/www.sibuscascoche.com\/noticias\/wp-json\/wp\/v2\/posts"}],"about":[{"href":"https:\/\/www.sibuscascoche.com\/noticias\/wp-json\/wp\/v2\/types\/post"}],"author":[{"embeddable":true,"href":"https:\/\/www.sibuscascoche.com\/noticias\/wp-json\/wp\/v2\/users\/1"}],"replies":[{"embeddable":true,"href":"https:\/\/www.sibuscascoche.com\/noticias\/wp-json\/wp\/v2\/comments?post=1678"}],"version-history":[{"count":4,"href":"https:\/\/www.sibuscascoche.com\/noticias\/wp-json\/wp\/v2\/posts\/1678\/revisions"}],"predecessor-version":[{"id":1738,"href":"https:\/\/www.sibuscascoche.com\/noticias\/wp-json\/wp\/v2\/posts\/1678\/revisions\/1738"}],"wp:featuredmedia":[{"embeddable":true,"href":"https:\/\/www.sibuscascoche.com\/noticias\/wp-json\/wp\/v2\/media\/1683"}],"wp:attachment":[{"href":"https:\/\/www.sibuscascoche.com\/noticias\/wp-json\/wp\/v2\/media?parent=1678"}],"wp:term":[{"taxonomy":"category","embeddable":true,"href":"https:\/\/www.sibuscascoche.com\/noticias\/wp-json\/wp\/v2\/categories?post=1678"},{"taxonomy":"post_tag","embeddable":true,"href":"https:\/\/www.sibuscascoche.com\/noticias\/wp-json\/wp\/v2\/tags?post=1678"}],"curies":[{"name":"wp","href":"https:\/\/api.w.org\/{rel}","templated":true}]}}