{"id":16691,"date":"2021-06-24T14:37:26","date_gmt":"2021-06-24T12:37:26","guid":{"rendered":"https:\/\/www.sibuscascoche.com\/noticias\/?p=16691"},"modified":"2021-06-24T14:37:28","modified_gmt":"2021-06-24T12:37:28","slug":"coches-electricos","status":"publish","type":"post","link":"https:\/\/www.sibuscascoche.com\/noticias\/2021\/coches-electricos\/","title":{"rendered":"2040, a\u00f1o clave para los coches el\u00e9ctricos"},"content":{"rendered":"<p><\/p>\n<p>El sector del autom\u00f3vil se ha visto marcado el pasado 21 de mayo por un antes y un despu\u00e9s. Con la publicaci\u00f3n en el BOE de la Ley 7\/2021 de cambio clim\u00e1tico y transici\u00f3n energ\u00e9tica, se declara que a partir de 2040 solo podr\u00e1n comprarse coches nuevos con cero emisiones de di\u00f3xido de carbono. El objetivo final de esta ley es que en el a\u00f1o 2050 se consiga un parque m\u00f3vil de turismos y veh\u00edculos comerciales ligeros libres de emisiones directas de CO2. Es por ello que desde el a\u00f1o 2040 solo se podr\u00e1n comprar coches el\u00e9ctricos nuevos o de pila de hidr\u00f3geno. Esto deja fuera tambi\u00e9n a los coches h\u00edbridos enchufables, que no est\u00e1n exentos de emisiones directas a pesar de tener la etiqueta de Cero de la Direcci\u00f3n General de Tr\u00e1fico.<\/p>\n<p><\/p>\n<p><\/p>\n<h2 class=\"wp-block-heading\">\u00bfQu\u00e9 har\u00e1n para alcanzarlo?<\/h2>\n<p><\/p>\n<p><\/p>\n<div class=\"wp-block-image\">\n<figure class=\"alignright size-large\"><img loading=\"lazy\" decoding=\"async\" width=\"300\" height=\"200\" src=\"https:\/\/www.sibuscascoche.com\/noticias\/wp-content\/uploads\/2021\/06\/2040-si-buscas-coche.jpg\" alt=\"\" class=\"wp-image-16692\"\/><\/figure>\n<\/div>\n<p><\/p>\n<p><\/p>\n<ul class=\"wp-block-list\">\n<li>Plan MOVES III, que es la tercera edici\u00f3n de este plan que consiste en una serie de ayudas del estado para la compra de coches el\u00e9ctricos, h\u00edbridos enchufables y coches de pila de hidr\u00f3geno<\/li>\n<li>Fomento de la movilidad sostenible en poblaciones con m\u00e1s de 50.000 habitantes<\/li>\n<li>Apoyar\u00e1n los proyectos de I+D+i que favorezcan la expansi\u00f3n de este tipo de veh\u00edculos libres de emisiones.<\/li>\n<li>Aumento de los puntos de carga. Podr\u00edan obligar a algunas gasolineras a contar con cargadores de hasta 150 kW de potencia.<\/li>\n<li>Introducci\u00f3n en el C\u00f3digo T\u00e9cnico de la Edificaci\u00f3n que cualquier edificio nuevo debe contar cargadores para este tipo de veh\u00edculos.<\/li>\n<\/ul>\n<p><\/p>\n<p><\/p>\n<h2 class=\"wp-block-heading\">\u00bfQu\u00e9 pasar\u00e1 con los coches de gasolina y di\u00e9sel actuales?<\/h2>\n<p><\/p>\n<p><\/p>\n<p>La gran duda que surge a todo el mundo es \u00bfy tengo que comprarme un coche nuevo? La respuesta es todav\u00eda una inc\u00f3gnita. En primer lugar, los coches hist\u00f3ricos podr\u00e1n seguir circulando. Los dem\u00e1s, todav\u00eda no se sabe, pero parece poco probable que obliguen a retirar todos los coches de circulaci\u00f3n que sean de gasolina o di\u00e9sel, no al menos en un plazo corto de tiempo.<\/p>\n<p><\/p>\n<p><\/p>\n<p>Este ser\u00e1 un proceso paulatino de cambio que se ir\u00e1 implementando de manera progresiva, pero si algo est\u00e1 claro es que el mundo del autom\u00f3vil como lo conocemos hoy en d\u00eda est\u00e1 destinado a su desaparici\u00f3n dando paso a un modelo m\u00e1s sostenible y respetuoso con el medio ambiente. Todav\u00eda hay muchas inc\u00f3gnitas al respecto de c\u00f3mo se va a llevar a cabo pero si algo est\u00e1 claro es que en caso de no poder obligar a los conductores a cambiar de coche, se ir\u00e1n tomando medidas que les \u201cfuercen\u201d a adaptarse.<\/p>\n<p><\/p>\n","protected":false},"excerpt":{"rendered":"<p>El sector del autom\u00f3vil se ha visto marcado el pasado 21 de mayo por un antes y un despu\u00e9s. Con la publicaci\u00f3n en el BOE de la Ley 7\/2021 de<\/p>\n","protected":false},"author":6,"featured_media":16693,"comment_status":"closed","ping_status":"open","sticky":false,"template":"","format":"standard","meta":{"footnotes":""},"categories":[1,10],"tags":[492,220,1182],"class_list":["post-16691","post","type-post","status-publish","format-standard","has-post-thumbnail","hentry","category-actualidad","category-hibridos-electricos","tag-coches","tag-coches-electricos","tag-electricos"],"_links":{"self":[{"href":"https:\/\/www.sibuscascoche.com\/noticias\/wp-json\/wp\/v2\/posts\/16691","targetHints":{"allow":["GET"]}}],"collection":[{"href":"https:\/\/www.sibuscascoche.com\/noticias\/wp-json\/wp\/v2\/posts"}],"about":[{"href":"https:\/\/www.sibuscascoche.com\/noticias\/wp-json\/wp\/v2\/types\/post"}],"author":[{"embeddable":true,"href":"https:\/\/www.sibuscascoche.com\/noticias\/wp-json\/wp\/v2\/users\/6"}],"replies":[{"embeddable":true,"href":"https:\/\/www.sibuscascoche.com\/noticias\/wp-json\/wp\/v2\/comments?post=16691"}],"version-history":[{"count":2,"href":"https:\/\/www.sibuscascoche.com\/noticias\/wp-json\/wp\/v2\/posts\/16691\/revisions"}],"predecessor-version":[{"id":16719,"href":"https:\/\/www.sibuscascoche.com\/noticias\/wp-json\/wp\/v2\/posts\/16691\/revisions\/16719"}],"wp:featuredmedia":[{"embeddable":true,"href":"https:\/\/www.sibuscascoche.com\/noticias\/wp-json\/wp\/v2\/media\/16693"}],"wp:attachment":[{"href":"https:\/\/www.sibuscascoche.com\/noticias\/wp-json\/wp\/v2\/media?parent=16691"}],"wp:term":[{"taxonomy":"category","embeddable":true,"href":"https:\/\/www.sibuscascoche.com\/noticias\/wp-json\/wp\/v2\/categories?post=16691"},{"taxonomy":"post_tag","embeddable":true,"href":"https:\/\/www.sibuscascoche.com\/noticias\/wp-json\/wp\/v2\/tags?post=16691"}],"curies":[{"name":"wp","href":"https:\/\/api.w.org\/{rel}","templated":true}]}}