{"id":16668,"date":"2021-06-24T12:56:12","date_gmt":"2021-06-24T10:56:12","guid":{"rendered":"https:\/\/www.sibuscascoche.com\/noticias\/?p=16668"},"modified":"2021-06-24T12:56:13","modified_gmt":"2021-06-24T10:56:13","slug":"salon-ginebra-2022-concesionarios-galicia","status":"publish","type":"post","link":"https:\/\/www.sibuscascoche.com\/noticias\/2021\/salon-ginebra-2022-concesionarios-galicia\/","title":{"rendered":"El Sal\u00f3n de Ginebra ya tiene fecha para 2022"},"content":{"rendered":"<p><\/p>\n<p>Debido a la pandemia de coronavirus que vivimos, no solo se han reducido notablemente las ventas de autom\u00f3viles en los <a href=\"https:\/\/www.sibuscascoche.com\/\">concesionarios de Galicia<\/a> y de todo el mundo. Las grandes citas del autom\u00f3vil tambi\u00e9n se han visto afectadas, entre ellas, el Sal\u00f3n de Ginebra. Dicho encuentro fue cancelado en 2020 y tampoco vio la luz en 2021. No obstante, la organizaci\u00f3n ya lo ha confirmado: \u00a1el Sal\u00f3n de Ginebra regresa en 2022!<\/p>\n<p><\/p>\n<p><\/p>\n<p>El que es, por tradici\u00f3n, el evento automovil\u00edstico m\u00e1s importante de Europa celebrar\u00e1 su <strong>91 edici\u00f3n<\/strong> entre el <strong>19 y el 27 de febrero<\/strong> del pr\u00f3ximo a\u00f1o. El encuentro se celebrar\u00e1, como es habitual, en el centro de exposiciones suizo, <strong>Palexpo<\/strong>, y la organizaci\u00f3n ha abierto el plazo para que las marcas y expositores se registren y confirmen su asistencia.<\/p>\n<p><\/p>\n<p><\/p>\n<h4 class=\"wp-block-heading\">Un evento diferente<\/h4>\n<p><\/p>\n<p><\/p>\n<p>Se esperan algunas diferencias en cuanto a los encuentros anteriores dada la situaci\u00f3n actual, y completamente adecuados a las condiciones de la pandemia. Se tratar\u00e1 de un <strong>evento semipresencial<\/strong>, en el que se combinar\u00e1n la <strong>asistencia de p\u00fablico<\/strong> con <strong>actividades de car\u00e1cter digital<\/strong>. Esta din\u00e1mica podremos verla tambi\u00e9n, en septiembre de este a\u00f1o, en el Sal\u00f3n de Munich.<\/p>\n<p><\/p>\n<p><\/p>\n<p>La organizaci\u00f3n est\u00e1 expectante sobre la participaci\u00f3n que recibir\u00e1 esta 91 edici\u00f3n. La pandemia ha apresurado un <strong>cambio de rumbo para los grandes encuentros del motor<\/strong>. Volkswagen Galicia, Mercedes, Audi y otras muchas marcas, han comenzado a decantarse por eventos propios o de menor tama\u00f1o, que resultan ser m\u00e1s econ\u00f3micos y tambi\u00e9n muy efectivos.<\/p>\n<p><\/p>\n<p><\/p>\n<p>La buena evoluci\u00f3n de la pandemia, ha provocado el retorno, de manera presencial de otros actos como el Sal\u00f3n del Autom\u00f3vil de Shangh\u00e1i, y tambi\u00e9n se celebrar\u00e1n pr\u00f3ximamente el Sal\u00f3n del Autom\u00f3vil de Chicago o de Nueva York. As\u00ed que, todo hace presagiar que el encuentro retornar\u00e1 a la altura de las expectativas.<\/p>\n<p><\/p>\n<p><\/p>\n<p>Los concesionarios de Galicia y de todo el mundo esperan estos grandes eventos, deseosos de conocer todas las novedades del motor como antes de la pandemia. \u00a1Y estamos seguros de que t\u00fa tambi\u00e9n!<\/p>\n<p><\/p>\n","protected":false},"excerpt":{"rendered":"<p>Debido a la pandemia de coronavirus que vivimos, no solo se han reducido notablemente las ventas de autom\u00f3viles en los concesionarios de Galicia y de todo el mundo. Las grandes<\/p>\n","protected":false},"author":1,"featured_media":16671,"comment_status":"closed","ping_status":"open","sticky":false,"template":"","format":"standard","meta":{"footnotes":""},"categories":[1],"tags":[1573,863,40],"class_list":["post-16668","post","type-post","status-publish","format-standard","has-post-thumbnail","hentry","category-actualidad","tag-eventos-del-motor","tag-salon-de-ginebra","tag-salones-del-automovil"],"_links":{"self":[{"href":"https:\/\/www.sibuscascoche.com\/noticias\/wp-json\/wp\/v2\/posts\/16668","targetHints":{"allow":["GET"]}}],"collection":[{"href":"https:\/\/www.sibuscascoche.com\/noticias\/wp-json\/wp\/v2\/posts"}],"about":[{"href":"https:\/\/www.sibuscascoche.com\/noticias\/wp-json\/wp\/v2\/types\/post"}],"author":[{"embeddable":true,"href":"https:\/\/www.sibuscascoche.com\/noticias\/wp-json\/wp\/v2\/users\/1"}],"replies":[{"embeddable":true,"href":"https:\/\/www.sibuscascoche.com\/noticias\/wp-json\/wp\/v2\/comments?post=16668"}],"version-history":[{"count":4,"href":"https:\/\/www.sibuscascoche.com\/noticias\/wp-json\/wp\/v2\/posts\/16668\/revisions"}],"predecessor-version":[{"id":16701,"href":"https:\/\/www.sibuscascoche.com\/noticias\/wp-json\/wp\/v2\/posts\/16668\/revisions\/16701"}],"wp:featuredmedia":[{"embeddable":true,"href":"https:\/\/www.sibuscascoche.com\/noticias\/wp-json\/wp\/v2\/media\/16671"}],"wp:attachment":[{"href":"https:\/\/www.sibuscascoche.com\/noticias\/wp-json\/wp\/v2\/media?parent=16668"}],"wp:term":[{"taxonomy":"category","embeddable":true,"href":"https:\/\/www.sibuscascoche.com\/noticias\/wp-json\/wp\/v2\/categories?post=16668"},{"taxonomy":"post_tag","embeddable":true,"href":"https:\/\/www.sibuscascoche.com\/noticias\/wp-json\/wp\/v2\/tags?post=16668"}],"curies":[{"name":"wp","href":"https:\/\/api.w.org\/{rel}","templated":true}]}}