{"id":16662,"date":"2021-06-24T12:53:10","date_gmt":"2021-06-24T10:53:10","guid":{"rendered":"https:\/\/www.sibuscascoche.com\/noticias\/?p=16662"},"modified":"2021-06-24T12:53:11","modified_gmt":"2021-06-24T10:53:11","slug":"cargar-coche-electrico-nueva-tarifa-luz-coches-seminuevos","status":"publish","type":"post","link":"https:\/\/www.sibuscascoche.com\/noticias\/2021\/cargar-coche-electrico-nueva-tarifa-luz-coches-seminuevos\/","title":{"rendered":"\u00bfCu\u00e1ndo cargar tu coche el\u00e9ctrico con la nueva tarifa de la luz?"},"content":{"rendered":"<p><\/p>\n<p>En los \u00faltimos a\u00f1os muchas personas est\u00e1n recurriendo a los <a href=\"https:\/\/www.sibuscascoche.com\/coches-ocasion\/filtrado?brand=&amp;fuel=electrico+%2F+hibrido&amp;priceMax=300000\">coches seminuevos el\u00e9ctricos o h\u00edbridos<\/a> para sumarse a la movilidad sostenible. No obstante, hay un tema de actualidad que preocupa, no solo a los conductores de este tipo de veh\u00edculos de ocasi\u00f3n, sino tambi\u00e9n al resto de los espa\u00f1oles: la nueva tarifa de la luz. Si t\u00fa tambi\u00e9n quieres salir de dudas sobre cuando es la mejor hora para cargar tu coche, \u00a1qu\u00e9date con nosotros!<\/p>\n<p><\/p>\n<p><\/p>\n<h4 class=\"wp-block-heading\">Tres tramos horarios<\/h4>\n<p><\/p>\n<p><\/p>\n<p>Desde el 1 de junio de 2021 entra en vigor la nueva tarifa el\u00e9ctrica de acceso 2.0TD. Dicha tarifa aplica obligatoriamente la discriminaci\u00f3n de precios a todos los consumidores que tengan contratados menos de 15kW (consumidores dom\u00e9sticos) para los usuarios con PVPC. De esta forma, y con estas nuevas condiciones, se fijan tres tramos horarios:<\/p>\n<p><\/p>\n<p><\/p>\n<ul class=\"wp-block-list\">\n<li><strong>Punta (P1)<\/strong>: de lunes a viernes de 10 a 14 h y de 18 a 22 h<\/li>\n<li><strong>Normal (P2)<\/strong>: De lunes a viernes de 8 a 10 h, de 14 a 18 h y de 22 a 00 h<\/li>\n<li><strong>Valle (P3)<\/strong>: de 00 a 8 h los d\u00edas laborables y durante todo el d\u00eda los s\u00e1bados, domingos y festivos nacionales.<\/li>\n<\/ul>\n<p><\/p>\n<p><\/p>\n<div class=\"wp-block-image\">\n<figure class=\"alignright size-large\"><img loading=\"lazy\" decoding=\"async\" width=\"300\" height=\"200\" src=\"https:\/\/www.sibuscascoche.com\/noticias\/wp-content\/uploads\/2021\/06\/nueva-tarifa-electrica.jpg\" alt=\"coches seminuevos el\u00e9ctricos, veh\u00edculos de ocasi\u00f3n \" class=\"wp-image-16664\" title=\"Nueva tarifa el\u00e9ctrica | Sibuscascoche\"\/><\/figure>\n<\/div>\n<p><\/p>\n<p><\/p>\n<p>As\u00ed, hay un total de <strong>40 horas punta<\/strong> a la semana, en el que el <strong>precio<\/strong> de la luz es mucho <strong>m\u00e1s elevado<\/strong>, por lo que es recomendable reducir el consumo en esa franja horaria. Dicho consumo puede ser desplazado al tramo <strong>Normal (P2)<\/strong>, donde los precios son <strong>m\u00e1s econ\u00f3micos<\/strong>. Sin embargo, lo m\u00e1s recomendable es <strong>trasladar el m\u00e1ximo consumo<\/strong> de electricidad a la denominada <strong>hora Valle (P3)<\/strong>, la cual es la m\u00e1s econ\u00f3mica de los tres tramos horarios.<\/p>\n<p><\/p>\n<p><\/p>\n<h4 class=\"wp-block-heading\">El coche, en la hora Valle<\/h4>\n<p><\/p>\n<p><\/p>\n<p>Aquellas personas que dispongan de coches seminuevos el\u00e9ctricos o h\u00edbridos, lo m\u00e1s aconsejable es realizar la <strong>recarga de bater\u00eda<\/strong> durante el <strong>tramo Valle<\/strong> si quieren reducir o mantener a raya la tarifa de la luz. Es decir, los d\u00edas laborables tendr\u00e1n que realizar la carga durante la noche y, en fin de semana o festivos, podr\u00e1n hacerlo a cualquier hora del d\u00eda. Se estima que el precio de la electricidad en el tramo horario m\u00e1s econ\u00f3mico ser\u00e1 hasta <strong>un 95 % m\u00e1s barato<\/strong> que en el m\u00e1s caro.<\/p>\n<p><\/p>\n<p><\/p>\n<p>\u00bfHas tomado nota? Ya lo sabes, si no quieres llevarte una sorpresa en tu factura de la luz, traslada la carga de tu coche el\u00e9ctrico a la franja horaria m\u00e1s econ\u00f3mica.<\/p>\n<p><\/p>\n","protected":false},"excerpt":{"rendered":"<p>En los \u00faltimos a\u00f1os muchas personas est\u00e1n recurriendo a los coches seminuevos el\u00e9ctricos o h\u00edbridos para sumarse a la movilidad sostenible. No obstante, hay un tema de actualidad que preocupa,<\/p>\n","protected":false},"author":1,"featured_media":16666,"comment_status":"closed","ping_status":"open","sticky":false,"template":"","format":"standard","meta":{"footnotes":""},"categories":[1],"tags":[220,1572,1085],"class_list":["post-16662","post","type-post","status-publish","format-standard","has-post-thumbnail","hentry","category-actualidad","tag-coches-electricos","tag-nueva-tarifa-electrica","tag-vehiculos-de-ocasion"],"_links":{"self":[{"href":"https:\/\/www.sibuscascoche.com\/noticias\/wp-json\/wp\/v2\/posts\/16662","targetHints":{"allow":["GET"]}}],"collection":[{"href":"https:\/\/www.sibuscascoche.com\/noticias\/wp-json\/wp\/v2\/posts"}],"about":[{"href":"https:\/\/www.sibuscascoche.com\/noticias\/wp-json\/wp\/v2\/types\/post"}],"author":[{"embeddable":true,"href":"https:\/\/www.sibuscascoche.com\/noticias\/wp-json\/wp\/v2\/users\/1"}],"replies":[{"embeddable":true,"href":"https:\/\/www.sibuscascoche.com\/noticias\/wp-json\/wp\/v2\/comments?post=16662"}],"version-history":[{"count":3,"href":"https:\/\/www.sibuscascoche.com\/noticias\/wp-json\/wp\/v2\/posts\/16662\/revisions"}],"predecessor-version":[{"id":16667,"href":"https:\/\/www.sibuscascoche.com\/noticias\/wp-json\/wp\/v2\/posts\/16662\/revisions\/16667"}],"wp:featuredmedia":[{"embeddable":true,"href":"https:\/\/www.sibuscascoche.com\/noticias\/wp-json\/wp\/v2\/media\/16666"}],"wp:attachment":[{"href":"https:\/\/www.sibuscascoche.com\/noticias\/wp-json\/wp\/v2\/media?parent=16662"}],"wp:term":[{"taxonomy":"category","embeddable":true,"href":"https:\/\/www.sibuscascoche.com\/noticias\/wp-json\/wp\/v2\/categories?post=16662"},{"taxonomy":"post_tag","embeddable":true,"href":"https:\/\/www.sibuscascoche.com\/noticias\/wp-json\/wp\/v2\/tags?post=16662"}],"curies":[{"name":"wp","href":"https:\/\/api.w.org\/{rel}","templated":true}]}}