{"id":16603,"date":"2021-04-01T13:25:42","date_gmt":"2021-04-01T11:25:42","guid":{"rendered":"https:\/\/www.sibuscascoche.com\/noticias\/?p=16603"},"modified":"2021-04-19T13:39:36","modified_gmt":"2021-04-19T11:39:36","slug":"multas-mascarilla-coche","status":"publish","type":"post","link":"https:\/\/www.sibuscascoche.com\/noticias\/2021\/multas-mascarilla-coche\/","title":{"rendered":"La DGT no puede multar por el uso de la mascarilla en el coche"},"content":{"rendered":"<p><\/p>\n<p>Las mascarillas ya han pasado a formar parte de nuestro d\u00eda a d\u00eda como un complemento m\u00e1s imprescindible para salir de casa. Tanto es as\u00ed que su uso es obligatorio en casi todas las situaciones, en terrazas, establecimientos, para hacer deporte, en la calle pero \u00bfy en el coche? \u00bfNos pueden multar por no llevarla en nuestro coche? La DGT ha reconocido que el uso de la mascarilla no es de su competencia, por tanto ellos no pueden multarnos por ello. <\/p>\n<p><\/p>\n<p><\/p>\n<h2 class=\"wp-block-heading\">\u00bfCu\u00e1ndo debo usar  mascarilla en el coche?<\/h2>\n<p><\/p>\n<p><\/p>\n<p>En el coche el uso de la mascarilla tambi\u00e9n es obligatorio al igual que en casi todas las dem\u00e1s circunstancias. Las \u00fanicas excepciones para el uso de la mascarilla en el coche son si viajas solo o si viajas con personas convivientes. <br \/>Adem\u00e1s han surgido nuevas sanciones a ra\u00edz de las mascarillas en el coche, la multa puede ser por usarla o no, pero tambi\u00e9n por su mal uso o su almacenaje en el veh\u00edculo. <\/p>\n<p><\/p>\n<p><\/p>\n<h2 class=\"wp-block-heading\">\u00bfQui\u00e9n y por qu\u00e9 me pueden multar?<\/h2>\n<p><\/p>\n<p><\/p>\n<div class=\"wp-block-image\">\n<figure class=\"alignright size-large\"><img loading=\"lazy\" decoding=\"async\" width=\"300\" height=\"200\" src=\"https:\/\/www.sibuscascoche.com\/noticias\/wp-content\/uploads\/2021\/04\/mascarillas-multas-coche-seminuevo.jpg\" alt=\"\" class=\"wp-image-16605\" \/><\/figure>\n<\/div>\n<p><\/p>\n<p><\/p>\n<p>La DGT ha aclarado que el uso de la mascarilla es una  medida sanitaria y de salud p\u00fablica en la que ellos no tienen competencia. Es por ello que su uso no es motivo de sanci\u00f3n de tr\u00e1fico.  \u00bfSignifica eso que no nos pueden multar? No, significa que los \u00f3rganos que pueden sancionar son los agentes de la autoridad (cuerpos de polic\u00eda), encargados de hacer cumplir el Decreto Ley de Nueva Normalidad.<br \/>Al no ser la DGT el \u00f3rgano competente, tampoco se pueden retirar puntos del carn\u00e9 de conducir por ello, ya que no hay ninguna norma en la Ley de Tr\u00e1fico y Seguridad Vial que se refiera al uso de la mascarilla. <br \/>Por lo tanto no hacer uso de la mascarilla no puede acarrear sanci\u00f3n de tr\u00e1fico con p\u00e9rdida de puntos pero si econ\u00f3mica, de 100 \u20ac, por no cumplir con la obligatoriedad de su uso. <br \/>Sin embargo, Tr\u00e1fico s\u00ed puede multarnos por otras faltas que impliquen la mascarilla. Sacarse la mascarilla mientras conduces, ya que supone una distracci\u00f3n al volante, o llevarla colgada del retrovisor, que impide una correcta visibilidad, si puede suponer una multa de tr\u00e1fico. <\/p>\n<p><\/p>\n<p><\/p>\n<p>En resumen, el uso de la mascarilla es obligatorio casi siempre, excepto en caso de viajar solo, y aunque el mal uso de esta no suponga sanci\u00f3n de tr\u00e1fico, s\u00ed puedes ser sancionado por no cumplir con las normas de sanidad que obligan a su correcto uso para el contacto con otras personas. <\/p>\n<p><\/p>\n","protected":false},"excerpt":{"rendered":"<p>Las mascarillas ya han pasado a formar parte de nuestro d\u00eda a d\u00eda como un complemento m\u00e1s imprescindible para salir de casa. Tanto es as\u00ed que su uso es obligatorio<\/p>\n","protected":false},"author":6,"featured_media":16610,"comment_status":"closed","ping_status":"open","sticky":false,"template":"","format":"standard","meta":{"footnotes":""},"categories":[1],"tags":[1570,1569,1568],"class_list":["post-16603","post","type-post","status-publish","format-standard","has-post-thumbnail","hentry","category-actualidad","tag-covid","tag-mascarilla","tag-multas-dgt"],"_links":{"self":[{"href":"https:\/\/www.sibuscascoche.com\/noticias\/wp-json\/wp\/v2\/posts\/16603","targetHints":{"allow":["GET"]}}],"collection":[{"href":"https:\/\/www.sibuscascoche.com\/noticias\/wp-json\/wp\/v2\/posts"}],"about":[{"href":"https:\/\/www.sibuscascoche.com\/noticias\/wp-json\/wp\/v2\/types\/post"}],"author":[{"embeddable":true,"href":"https:\/\/www.sibuscascoche.com\/noticias\/wp-json\/wp\/v2\/users\/6"}],"replies":[{"embeddable":true,"href":"https:\/\/www.sibuscascoche.com\/noticias\/wp-json\/wp\/v2\/comments?post=16603"}],"version-history":[{"count":11,"href":"https:\/\/www.sibuscascoche.com\/noticias\/wp-json\/wp\/v2\/posts\/16603\/revisions"}],"predecessor-version":[{"id":16623,"href":"https:\/\/www.sibuscascoche.com\/noticias\/wp-json\/wp\/v2\/posts\/16603\/revisions\/16623"}],"wp:featuredmedia":[{"embeddable":true,"href":"https:\/\/www.sibuscascoche.com\/noticias\/wp-json\/wp\/v2\/media\/16610"}],"wp:attachment":[{"href":"https:\/\/www.sibuscascoche.com\/noticias\/wp-json\/wp\/v2\/media?parent=16603"}],"wp:term":[{"taxonomy":"category","embeddable":true,"href":"https:\/\/www.sibuscascoche.com\/noticias\/wp-json\/wp\/v2\/categories?post=16603"},{"taxonomy":"post_tag","embeddable":true,"href":"https:\/\/www.sibuscascoche.com\/noticias\/wp-json\/wp\/v2\/tags?post=16603"}],"curies":[{"name":"wp","href":"https:\/\/api.w.org\/{rel}","templated":true}]}}