{"id":1653,"date":"2014-02-25T13:17:58","date_gmt":"2014-02-25T12:17:58","guid":{"rendered":"https:\/\/www.sibuscascoche.com\/noticias\/?p=1653"},"modified":"2014-02-27T15:56:31","modified_gmt":"2014-02-27T14:56:31","slug":"xxiii-salon-automovil-vigo","status":"publish","type":"post","link":"https:\/\/www.sibuscascoche.com\/noticias\/2014\/xxiii-salon-automovil-vigo\/","title":{"rendered":"Sal\u00f3n del autom\u00f3vil de Vigo: ya est\u00e1 aqu\u00ed la nueva edici\u00f3n"},"content":{"rendered":"<p style=\"text-align: justify;\">El <b>Sal\u00f3n del Autom\u00f3vil<\/b> volver\u00e1 a tener lugar en Vigo, concretamente<strong> entre el 26 de abril y el 4 de mayo de 2014<\/strong>, esta vez en su XXIII edici\u00f3n. Un certamen celebrado que comenz\u00f3 su andadura en 1992 y que es hoy el de mayor antig\u00fcedad despu\u00e9s del de Barcelona que a\u00fan contin\u00faa en activo. Y aunque no se ha visto exento de ciertas dificultades\u00a0 a lo largo de los a\u00f1os, gracias a la ayuda de expositores, patrocinadores e instituciones que siempre la han apoyado, ha seguido hacia adelante.<\/p>\n<p style=\"text-align: justify;\">Cabe destacar que la mayor apuesta de este evento ha sido siempre la de <b>dinamizar la actividad comercial del sector automovil\u00edstico en el sur de Galicia<\/b> ofreciendo para ello un escenario al que cada a\u00f1o acuden miles de visitantes y potenciales clientes en busca del veh\u00edculo m\u00e1s adecuado a sus necesidades.<\/p>\n<p style=\"text-align: justify;\"><img loading=\"lazy\" decoding=\"async\" class=\"alignright size-full wp-image-1658\" title=\"Sal\u00f3n del Autom\u00f3vil Vigo 2014 | Sibuscascoche.com\" alt=\"sal\u00f3n autom\u00f3vil vigo, coche ocasi\u00f3n\" src=\"https:\/\/www.sibuscascoche.com\/noticias\/wp-content\/uploads\/2014\/02\/salon-automovil-vigo-2014.jpg\" width=\"300\" height=\"425\" srcset=\"https:\/\/www.sibuscascoche.com\/noticias\/wp-content\/uploads\/2014\/02\/salon-automovil-vigo-2014.jpg 300w, https:\/\/www.sibuscascoche.com\/noticias\/wp-content\/uploads\/2014\/02\/salon-automovil-vigo-2014-211x300.jpg 211w\" sizes=\"auto, (max-width: 300px) 100vw, 300px\" \/>Se trata de <b>la mayor exposici\u00f3n comercial del motor de toda la comunidad gallega<\/b> que en dos semanas re\u00fane las mejores propuestas tanto en autom\u00f3viles nuevos como en ofertas para veh\u00edculos seminuevos en una superficie de nada menos que 25.000 metros cuadrados. Sin olvidar que adem\u00e1s habr\u00e1 un lugar expresamente dedicado a la motocicleta y a la industria auxiliar que quedar\u00e1n ubicados en los pabellones 1 y 2 y en la zona de recepci\u00f3n del Instituto Ferial de Vigo.<\/p>\n<p style=\"text-align: justify;\">Cabe destacar que <b>este evento genera un volumen de negocio<\/b> que se ve reflejado tanto en la venta directa en el propio Sal\u00f3n como en el establecimiento de contactos para ventas futuras, lo cual supone una bocanada de aire que viene a aliviar en gran medida la complicada situaci\u00f3n econ\u00f3mica que est\u00e1n viviendo en estos momentos las empresas del sector del autom\u00f3vil.<\/p>\n<p style=\"text-align: justify;\">Para atraer a un p\u00fablico mayor, <b>la organizaci\u00f3n del Sal\u00f3n del Autom\u00f3vil realizar\u00e1 una campa\u00f1a estrat\u00e9gica de marketing y publicidad en toda Galicia<\/b>, el norte de Portugal y las comunidades fronterizas. Adem\u00e1s para garantizar el \u00e9xito del evento dicha organizaci\u00f3n establece unos par\u00e1metros precisos de montaje e iluminaci\u00f3n que garanticen la vistosidad de los productos y que proyecte la mejor imagen de cara al cliente. Y es que, como es evidente, la calidad del producto resulta determinante a la hora de efectuar las ventas.<\/p>\n<p style=\"text-align: justify;\">El <b>Sal\u00f3n de Autom\u00f3vil de Vigo<\/b> supone pues un evento de gran importancia que cumple un doble objetivo. En primer lugar dar a conocer las \u00faltimas creaciones de las distintas firmas y promocionarlas ante un p\u00fablico de miles de personas y en segundo lugar intentar aumentar las ventas tanto de veh\u00edculos nuevos como seminuevos. Objetivos que a\u00f1o tras a\u00f1o se ven cumplidos con creces como bien refleja la enorme popularidad de la que goza la celebraci\u00f3n y el incremento de ventas que se produce tanto durante la misma como despu\u00e9s de ella.<\/p>\n","protected":false},"excerpt":{"rendered":"<p>El Sal\u00f3n del Autom\u00f3vil volver\u00e1 a tener lugar en Vigo, concretamente entre el 26 de abril y el 4 de mayo de 2014, esta vez en su XXIII edici\u00f3n. Un<\/p>\n","protected":false},"author":1,"featured_media":1656,"comment_status":"closed","ping_status":"open","sticky":false,"template":"","format":"standard","meta":{"footnotes":""},"categories":[1,9],"tags":[40],"class_list":["post-1653","post","type-post","status-publish","format-standard","has-post-thumbnail","hentry","category-actualidad","category-eventos","tag-salones-del-automovil"],"_links":{"self":[{"href":"https:\/\/www.sibuscascoche.com\/noticias\/wp-json\/wp\/v2\/posts\/1653","targetHints":{"allow":["GET"]}}],"collection":[{"href":"https:\/\/www.sibuscascoche.com\/noticias\/wp-json\/wp\/v2\/posts"}],"about":[{"href":"https:\/\/www.sibuscascoche.com\/noticias\/wp-json\/wp\/v2\/types\/post"}],"author":[{"embeddable":true,"href":"https:\/\/www.sibuscascoche.com\/noticias\/wp-json\/wp\/v2\/users\/1"}],"replies":[{"embeddable":true,"href":"https:\/\/www.sibuscascoche.com\/noticias\/wp-json\/wp\/v2\/comments?post=1653"}],"version-history":[{"count":8,"href":"https:\/\/www.sibuscascoche.com\/noticias\/wp-json\/wp\/v2\/posts\/1653\/revisions"}],"predecessor-version":[{"id":1743,"href":"https:\/\/www.sibuscascoche.com\/noticias\/wp-json\/wp\/v2\/posts\/1653\/revisions\/1743"}],"wp:featuredmedia":[{"embeddable":true,"href":"https:\/\/www.sibuscascoche.com\/noticias\/wp-json\/wp\/v2\/media\/1656"}],"wp:attachment":[{"href":"https:\/\/www.sibuscascoche.com\/noticias\/wp-json\/wp\/v2\/media?parent=1653"}],"wp:term":[{"taxonomy":"category","embeddable":true,"href":"https:\/\/www.sibuscascoche.com\/noticias\/wp-json\/wp\/v2\/categories?post=1653"},{"taxonomy":"post_tag","embeddable":true,"href":"https:\/\/www.sibuscascoche.com\/noticias\/wp-json\/wp\/v2\/tags?post=1653"}],"curies":[{"name":"wp","href":"https:\/\/api.w.org\/{rel}","templated":true}]}}