{"id":16304,"date":"2021-01-15T10:22:09","date_gmt":"2021-01-15T09:22:09","guid":{"rendered":"https:\/\/www.sibuscascoche.com\/noticias\/?p=16304"},"modified":"2021-01-21T18:37:22","modified_gmt":"2021-01-21T17:37:22","slug":"aparcar-plazas-minusvalidos-coches-ocasion","status":"publish","type":"post","link":"https:\/\/www.sibuscascoche.com\/noticias\/2021\/aparcar-plazas-minusvalidos-coches-ocasion\/","title":{"rendered":"\u00bfCu\u00e1l es la sanci\u00f3n por aparcar en una plaza reservada para minusv\u00e1lidos?"},"content":{"rendered":"<p><\/p>\n<p><strong>Si no tienes ning\u00fan tipo de minusval\u00eda<\/strong> y no dispones de la tarjeta espec\u00edfica que te permite aparcar en lugares reservados, <strong>lo mejor es que no utilices estas plazas<\/strong>. No solo por la sanci\u00f3n que puede acarrear sino porque est\u00e1s vulnerando los derechos de personas que tienen problemas de movilidad o requieren plazas m\u00e1s amplias que favorezcan su salida del veh\u00edculo. Si tienes alguna minusval\u00eda ten en cuenta que ya existen coches de ocasi\u00f3n adaptados. En este post te contamos cu\u00e1l es la infracci\u00f3n por incumplir esta norma.<\/p>\n<p><\/p>\n<p><\/p>\n<h4 class=\"wp-block-heading\">\u00bfPuedo perder puntos por aparcar en plazas de minusv\u00e1lidos?<\/h4>\n<p><\/p>\n<p><\/p>\n<p><strong>La respuesta es no<\/strong>. Hace unos d\u00edas desde el Ministerio del Interior se aclaraba esta cuesti\u00f3n, ya que hab\u00eda rumores que para el pr\u00f3ximo a\u00f1o la DGT barajaba retirar puntos del carn\u00e9 de conducir por incumplir esta medida. Desde el Gobierno central aseguran que no se sacar\u00e1 puntos porque aunque se trata de un gesto inc\u00edvico, grave y antisocial, no acarrea riesgo para la seguridad vial. <\/p>\n<p><\/p>\n<p><\/p>\n<p>Seg\u00fan explican, <strong>el mecanismo del Permiso por Puntos establece que solo se pueden perder puntos por el incumplimiento de normas que deriven en un riesgo para la vida<\/strong>. Estas directrices vienen marcadas por la Uni\u00f3n Europea, ya que son ellos los que establecen qu\u00e9 infracciones conllevan p\u00e9rdida de puntos del permiso de conducir. Como mencion\u00e1bamos anteriormente, se perder\u00e1 puntos solo por infracciones que supongan riesgos graves para la seguridad vial.<\/p>\n<p><\/p>\n<p><\/p>\n<h4 class=\"wp-block-heading\">Sanci\u00f3n real por aparcar en plazas de minusv\u00e1lidos<\/h4>\n<p><\/p>\n<p><\/p>\n<div class=\"wp-block-image\">\n<figure class=\"alignright size-large\"><img loading=\"lazy\" decoding=\"async\" width=\"300\" height=\"200\" src=\"https:\/\/www.sibuscascoche.com\/noticias\/wp-content\/uploads\/2021\/01\/tarjeta-minusvalidos.jpg\" alt=\"plaza minusvalidos, coches de ocasion, coche seminuevo\" class=\"wp-image-16307\"\/><\/figure>\n<\/div>\n<p><\/p>\n<p><\/p>\n<p>Por lo tanto, si no tienes ninguna minusval\u00eda y no dispones de un documento que lo acredite, <strong>si estacionas en una plaza reservada de este tipo te arriesgas a ser sancionado con una multa de 200 euros<\/strong>.<\/p>\n<p><\/p>\n<p><\/p>\n<p>Aunque la sanci\u00f3n no es muy elevada, lo mejor es que no utilices estas plazas ya que podr\u00edas impedir que personas que s\u00ed las necesitan no puedan tener un acceso sencillo a ciertos lugares. A la sociedad a\u00fan le falta mucho por avanzar para adaptarse a las necesidades de personas con movilidad reducida. \u00a1No se lo pongas m\u00e1s dif\u00edcil, piensa que podr\u00edas ser t\u00fa o alguien de tu familia!<\/p>\n<p><\/p>\n","protected":false},"excerpt":{"rendered":"<p>Si no tienes ning\u00fan tipo de minusval\u00eda y no dispones de la tarjeta espec\u00edfica que te permite aparcar en lugares reservados, lo mejor es que no utilices estas plazas. No<\/p>\n","protected":false},"author":6,"featured_media":16306,"comment_status":"closed","ping_status":"open","sticky":false,"template":"","format":"standard","meta":{"footnotes":""},"categories":[1],"tags":[193,1541],"class_list":["post-16304","post","type-post","status-publish","format-standard","has-post-thumbnail","hentry","category-actualidad","tag-coches-de-ocasion","tag-plazas-minusvalidos"],"_links":{"self":[{"href":"https:\/\/www.sibuscascoche.com\/noticias\/wp-json\/wp\/v2\/posts\/16304","targetHints":{"allow":["GET"]}}],"collection":[{"href":"https:\/\/www.sibuscascoche.com\/noticias\/wp-json\/wp\/v2\/posts"}],"about":[{"href":"https:\/\/www.sibuscascoche.com\/noticias\/wp-json\/wp\/v2\/types\/post"}],"author":[{"embeddable":true,"href":"https:\/\/www.sibuscascoche.com\/noticias\/wp-json\/wp\/v2\/users\/6"}],"replies":[{"embeddable":true,"href":"https:\/\/www.sibuscascoche.com\/noticias\/wp-json\/wp\/v2\/comments?post=16304"}],"version-history":[{"count":3,"href":"https:\/\/www.sibuscascoche.com\/noticias\/wp-json\/wp\/v2\/posts\/16304\/revisions"}],"predecessor-version":[{"id":16355,"href":"https:\/\/www.sibuscascoche.com\/noticias\/wp-json\/wp\/v2\/posts\/16304\/revisions\/16355"}],"wp:featuredmedia":[{"embeddable":true,"href":"https:\/\/www.sibuscascoche.com\/noticias\/wp-json\/wp\/v2\/media\/16306"}],"wp:attachment":[{"href":"https:\/\/www.sibuscascoche.com\/noticias\/wp-json\/wp\/v2\/media?parent=16304"}],"wp:term":[{"taxonomy":"category","embeddable":true,"href":"https:\/\/www.sibuscascoche.com\/noticias\/wp-json\/wp\/v2\/categories?post=16304"},{"taxonomy":"post_tag","embeddable":true,"href":"https:\/\/www.sibuscascoche.com\/noticias\/wp-json\/wp\/v2\/tags?post=16304"}],"curies":[{"name":"wp","href":"https:\/\/api.w.org\/{rel}","templated":true}]}}