{"id":161,"date":"2013-09-15T18:49:55","date_gmt":"2013-09-15T16:49:55","guid":{"rendered":"https:\/\/www.sibuscascoche.com\/noticias\/?p=161"},"modified":"2013-10-14T12:51:42","modified_gmt":"2013-10-14T10:51:42","slug":"la-gama-amarok-crece-con-la-llegada-de-la-cabina-simple-y-el-exclusivo-canyon","status":"publish","type":"post","link":"https:\/\/www.sibuscascoche.com\/noticias\/2013\/la-gama-amarok-crece-con-la-llegada-de-la-cabina-simple-y-el-exclusivo-canyon\/","title":{"rendered":"La gama Amarok crece con la llegada de la cabina  simple y el exclusivo Canyon"},"content":{"rendered":"<p><strong>La vers\u00e1til pick-up Amarok de Volkswagen Veh\u00edculos Comerciales ampl\u00eda su gama con dos novedades, la nueva cabina simple y el exclusivo Canyon que ajustan y optimizan su equipamiento para que llegue a un n\u00famero mayor de usuarios, a los que se ofrece una efectiva herramienta profesional y toda la exclusividad de Volkswagen.<\/strong><\/p>\n<p><img loading=\"lazy\" decoding=\"async\" class=\"size-medium wp-image-163 alignright\" alt=\"amarok-canyon\" src=\"https:\/\/www.sibuscascoche.com\/noticias\/wp-content\/uploads\/2013\/09\/amarok-canyon-1-300x200.jpg\" width=\"300\" height=\"200\" \/>La vers\u00e1til pick-up Amarok de Volkswagen Veh\u00edculos Comerciales ampl\u00eda su gama con dos novedades que demuestran la apuesta de la marca por el crecimiento de este modelo.<\/p>\n<p>La nueva cabina simple y el exclusivo Canyon ajustan y optimizan el equipamiento del Amarok, para que llegue a un n\u00famero mayor de usuarios, a los que se ofrece una efectiva herramienta profesional y toda la exclusividad de Volkswagen.<\/p>\n<p>Los clientes que precisen un mayor espacio de carga encontrar\u00e1n en el Amarok de Cabina Simple una excelente alternativa. Este modelo dirigido a un perfil de cliente eminentemente profesional y cuyo \u00e1mbito de actividad se concentra en zonas de dif\u00edcil acceso, sacrifica las plazas traseras para ofrecer un espacio de carga superior. En esta versi\u00f3n, la longitud del compartimento de carga es 65 cm mayor, y pasa a ser de 2.205 mm con un \u00e1rea total de 3,57 m2. Las suspensiones de este modelo han sido reforzadas, teniendo en cuenta que soporta m\u00e1s carga que las versiones de cabina doble, y las motorizaciones disponibles son eficientes y ahorradoras. Se trata de los motores ya conocidos TDI de 140 y 180 CV, combinados con una caja de cambios manual y dos tracciones posibles, trasera y 4MOTION conectable.<\/p>\n<p><img loading=\"lazy\" decoding=\"async\" class=\"size-medium wp-image-166 alignright\" alt=\"amarok-4motion\" src=\"https:\/\/www.sibuscascoche.com\/noticias\/wp-content\/uploads\/2013\/09\/amarok-4motion-1-300x175.jpg\" width=\"300\" height=\"175\" \/>Por su parte, el Amarok Canyon aporta exclusividad a la gama. Dirigido a los amantes m\u00e1s exigentes del concepto pick up, se posiciona como un veh\u00edculo ideal para aquellos que disfrutan de los deportes m\u00e1s extremos, tanto de monta\u00f1a como de playa. Esta variante, que se ofrece con la carrocer\u00eda de cabina doble, est\u00e1 equipado con el potente motor 2.0 TDI de 180 CV, combinado tanto con cambio manual como con cambio autom\u00e1tico de 8 velocidades.<\/p>\n<p>Entre sus rasgos distintivos, el Canyon estrena un nuevo color Naranja Cobrizo, que potencia su imagen m\u00e1s deportiva. A este detalle se a\u00f1aden otros rasgos espec\u00edficos de esta versi\u00f3n tanto exteriores como interiores, como son las exclusivas llantas de 17 pulgadas tipo \u00abRoca\u00bb, los faros traseros oscurecidos, la presencia del color negro brillante en las estriberas, las barras y parachoques trasero, as\u00ed como unos pasos de rueda ensanchados que le confieren una imagen m\u00e1s musculosa si cabe e impactante.<\/p>\n","protected":false},"excerpt":{"rendered":"<p>La vers\u00e1til pick-up Amarok de Volkswagen Veh\u00edculos Comerciales ampl\u00eda su gama con dos novedades, la nueva cabina simple y el exclusivo Canyon que ajustan y optimizan su equipamiento para que<\/p>\n","protected":false},"author":1,"featured_media":162,"comment_status":"closed","ping_status":"open","sticky":false,"template":"","format":"standard","meta":{"footnotes":""},"categories":[1],"tags":[23,22],"class_list":["post-161","post","type-post","status-publish","format-standard","has-post-thumbnail","hentry","category-actualidad","tag-todoterreno","tag-volkswagen"],"_links":{"self":[{"href":"https:\/\/www.sibuscascoche.com\/noticias\/wp-json\/wp\/v2\/posts\/161","targetHints":{"allow":["GET"]}}],"collection":[{"href":"https:\/\/www.sibuscascoche.com\/noticias\/wp-json\/wp\/v2\/posts"}],"about":[{"href":"https:\/\/www.sibuscascoche.com\/noticias\/wp-json\/wp\/v2\/types\/post"}],"author":[{"embeddable":true,"href":"https:\/\/www.sibuscascoche.com\/noticias\/wp-json\/wp\/v2\/users\/1"}],"replies":[{"embeddable":true,"href":"https:\/\/www.sibuscascoche.com\/noticias\/wp-json\/wp\/v2\/comments?post=161"}],"version-history":[{"count":17,"href":"https:\/\/www.sibuscascoche.com\/noticias\/wp-json\/wp\/v2\/posts\/161\/revisions"}],"predecessor-version":[{"id":165,"href":"https:\/\/www.sibuscascoche.com\/noticias\/wp-json\/wp\/v2\/posts\/161\/revisions\/165"}],"wp:featuredmedia":[{"embeddable":true,"href":"https:\/\/www.sibuscascoche.com\/noticias\/wp-json\/wp\/v2\/media\/162"}],"wp:attachment":[{"href":"https:\/\/www.sibuscascoche.com\/noticias\/wp-json\/wp\/v2\/media?parent=161"}],"wp:term":[{"taxonomy":"category","embeddable":true,"href":"https:\/\/www.sibuscascoche.com\/noticias\/wp-json\/wp\/v2\/categories?post=161"},{"taxonomy":"post_tag","embeddable":true,"href":"https:\/\/www.sibuscascoche.com\/noticias\/wp-json\/wp\/v2\/tags?post=161"}],"curies":[{"name":"wp","href":"https:\/\/api.w.org\/{rel}","templated":true}]}}