{"id":16083,"date":"2020-10-04T13:06:46","date_gmt":"2020-10-04T11:06:46","guid":{"rendered":"https:\/\/www.sibuscascoche.com\/noticias\/?p=16083"},"modified":"2020-10-04T13:06:46","modified_gmt":"2020-10-04T11:06:46","slug":"nuevo-mercedes-clase-s","status":"publish","type":"post","link":"https:\/\/www.sibuscascoche.com\/noticias\/2020\/nuevo-mercedes-clase-s\/","title":{"rendered":"\u00bfQu\u00e9 novedades trae el nuevo Mercedes Clase S?"},"content":{"rendered":"<p><\/p>\n<p>Durante a\u00f1os esta berlina de lujo ha sido el buque insignia de Mercedes, y con esta nueva generaci\u00f3n vuelve a repetir. El nuevo Mercedes Clase S se presenta con una serie de innovaciones destinadas a convertirla en un referente en confort y seguridad. La marca alemana no ha querido dejar nada al azar, y la s\u00e9ptima entrega de este modelo aterriza con un dise\u00f1o y equipamiento vanguardistas. <\/p>\n<p><\/p>\n<p><\/p>\n<h4 class=\"wp-block-heading\">Nuevo Mercedes Clase S, una revoluci\u00f3n tecnol\u00f3gica<\/h4>\n<p><\/p>\n<p><\/p>\n<div class=\"wp-block-image\">\n<figure class=\"alignright\"><img loading=\"lazy\" decoding=\"async\" width=\"300\" height=\"200\" src=\"https:\/\/www.sibuscascoche.com\/noticias\/wp-content\/uploads\/2020\/09\/novedades-mercedes-clase-s.jpg\" alt=\"nuevo Mercedes Clase S, Mercedes barato\" class=\"wp-image-16086\"\/><\/figure>\n<\/div>\n<p><\/p>\n<p><\/p>\n<p>A pesar de que, est\u00e9ticamente, el nuevo Mercedes Clase S mantiene una l\u00ednea continuista,  su gran evoluci\u00f3n viene de la mano de su tecnolog\u00eda. Especialmente en el interior, destaca la <strong>reducci\u00f3n<\/strong> al m\u00ednimo de los <strong>botones y mandos f\u00edsicos<\/strong>, para ser sustituidos por <strong>dos grandes pantallas<\/strong> que presiden el habit\u00e1culo. La primera de ellas, de 12,3 pulgadas, se corresponde con el cuadro de instrumentos. La segunda, de 12,8 pulgadas, constituye la consola central.<\/p>\n<p><\/p>\n<p><\/p>\n<p>En total, puede haber <strong>hasta cinco pantallas<\/strong>, tres de ellas en la zona trasera. Desde cada una, <strong>los usuarios pueden identificarse<\/strong>, ya sea a trav\u00e9s de un PIN, huella dactilar, por reconocimiento facial o por voz, para que se carguen sus preferencias.<\/p>\n<p><\/p>\n<p><\/p>\n<p>No obstante, una de las novedades m\u00e1s llamativas de esta berlina es la <strong>head-up display de realidad aumentada<\/strong>. Este sistema reproduce la informaci\u00f3n en 3D y la muestra sobre una superficie equivalente a un monitor de 77 pulgadas. <\/p>\n<p><\/p>\n<p><\/p>\n<h4 class=\"wp-block-heading\">Un equipamiento innovador<\/h4>\n<p><\/p>\n<p><\/p>\n<p>En lo que se refiere al <strong>equipamiento<\/strong>, el nuevo Clase S es toda una <strong>revoluci\u00f3n<\/strong>. Incluye nuevos radares de proximidad, c\u00e1maras y controles v\u00eda GPS para llegar a alcanzar un nivel 3 de conducci\u00f3n aut\u00f3noma. Tambi\u00e9n dispone de un amplio arsenal de asistentes a la conducci\u00f3n y estrena la <strong>segunda generaci\u00f3n del sistema MBUX<\/strong>. Ahora est\u00e1 conectado con m\u00e1s elementos del veh\u00edculo y, en combinaci\u00f3n con una serie de c\u00e1maras colocadas en el techo, interpreta los movimientos de los pasajeros para activar autom\u00e1ticamente funciones.<\/p>\n<p><\/p>\n<p><\/p>\n<p>En cuanto a motorizaci\u00f3n el nuevo Mercedes Clase S estar\u00e1 disponible con un <strong>motor de seis cilindros en l\u00ednea<\/strong>, tanto gasolina (S 450 4MATIC de 367 CV y S 500 4MATIC de 435 CV) como di\u00e9sel (S 350 d de 286 CV y S 400 d 4MATIC de 330 CV). Para el <strong>a\u00f1o 2021<\/strong> tambi\u00e9n tendr\u00e1 su <strong>versi\u00f3n h\u00edbrida enchufable<\/strong>, con una autonom\u00eda de unos 100 km en modo 100 % el\u00e9ctrico. <\/p>\n<p><\/p>\n<p><\/p>\n<p>Finalmente, no podemos olvidarnos de que estamos hablando de una berlina de gran porte. Este nuevo modelo mide 5,17 metros de largo, 1,95 metros de ancho y 1,50 metros de alto. Est\u00e1 disponible con dos batallas distintas: corta (3,10 metros) y larga (3,21 metros).<\/p>\n<p><\/p>\n<p><\/p>\n<p>La nueva generaci\u00f3n del Clase S se espera que llega al <strong>mercado a finales del 2020<\/strong>. No obstante, si la espera se te hace muy larga puedes echar un vistazo a nuestra web y descubrir algunos modelos <a href=\"https:\/\/www.sibuscascoche.com\/coches-ocasion\/mercedes\">Mercedes de ocasi\u00f3n<\/a> que estamos seguros de que te encantar\u00e1n. <\/p>\n<p><\/p>\n","protected":false},"excerpt":{"rendered":"<p>Durante a\u00f1os esta berlina de lujo ha sido el buque insignia de Mercedes, y con esta nueva generaci\u00f3n vuelve a repetir. El nuevo Mercedes Clase S se presenta con una<\/p>\n","protected":false},"author":1,"featured_media":16085,"comment_status":"closed","ping_status":"open","sticky":false,"template":"","format":"standard","meta":{"footnotes":""},"categories":[1,8],"tags":[],"class_list":["post-16083","post","type-post","status-publish","format-standard","has-post-thumbnail","hentry","category-actualidad","category-lanzamientos"],"_links":{"self":[{"href":"https:\/\/www.sibuscascoche.com\/noticias\/wp-json\/wp\/v2\/posts\/16083","targetHints":{"allow":["GET"]}}],"collection":[{"href":"https:\/\/www.sibuscascoche.com\/noticias\/wp-json\/wp\/v2\/posts"}],"about":[{"href":"https:\/\/www.sibuscascoche.com\/noticias\/wp-json\/wp\/v2\/types\/post"}],"author":[{"embeddable":true,"href":"https:\/\/www.sibuscascoche.com\/noticias\/wp-json\/wp\/v2\/users\/1"}],"replies":[{"embeddable":true,"href":"https:\/\/www.sibuscascoche.com\/noticias\/wp-json\/wp\/v2\/comments?post=16083"}],"version-history":[{"count":3,"href":"https:\/\/www.sibuscascoche.com\/noticias\/wp-json\/wp\/v2\/posts\/16083\/revisions"}],"predecessor-version":[{"id":16110,"href":"https:\/\/www.sibuscascoche.com\/noticias\/wp-json\/wp\/v2\/posts\/16083\/revisions\/16110"}],"wp:featuredmedia":[{"embeddable":true,"href":"https:\/\/www.sibuscascoche.com\/noticias\/wp-json\/wp\/v2\/media\/16085"}],"wp:attachment":[{"href":"https:\/\/www.sibuscascoche.com\/noticias\/wp-json\/wp\/v2\/media?parent=16083"}],"wp:term":[{"taxonomy":"category","embeddable":true,"href":"https:\/\/www.sibuscascoche.com\/noticias\/wp-json\/wp\/v2\/categories?post=16083"},{"taxonomy":"post_tag","embeddable":true,"href":"https:\/\/www.sibuscascoche.com\/noticias\/wp-json\/wp\/v2\/tags?post=16083"}],"curies":[{"name":"wp","href":"https:\/\/api.w.org\/{rel}","templated":true}]}}