{"id":16063,"date":"2020-10-04T13:01:01","date_gmt":"2020-10-04T11:01:01","guid":{"rendered":"https:\/\/www.sibuscascoche.com\/noticias\/?p=16063"},"modified":"2020-10-04T13:01:02","modified_gmt":"2020-10-04T11:01:02","slug":"volkswagen-nivus","status":"publish","type":"post","link":"https:\/\/www.sibuscascoche.com\/noticias\/2020\/volkswagen-nivus\/","title":{"rendered":"Volkswagen Nivus: el nuevo SUV urbano de corte coup\u00e9"},"content":{"rendered":"<p><\/p>\n<p>Aunque ya ha sido presentado en el mercado sudamericano, no ser\u00e1 hasta el 2021 cuando conozcamos en Europa el Volkswagen Nivus. El nuevo SUV urbano de corte coup\u00e9 de la marca es una alternativa m\u00e1s deportiva al T-Cross. Con su llegada, Volkswagen ofrecer\u00e1 una de las gamas de SUV m\u00e1s completas del mercado. \u00bfNo puedes esperar m\u00e1s para descubrirlo? Entonces \u00a1sigue leyendo! Nosotros te contamos todo lo que necesitas saber.<\/p>\n<p><\/p>\n<p><\/p>\n<h4 class=\"wp-block-heading\">Conoce el Volkswagen Nivus por dentro y por fuera <\/h4>\n<p><\/p>\n<p><\/p>\n<p>El nuevo modelo de la marca alemana formar\u00e1 dupla con el T-Cross. Respecto a este, el Nivus <strong>aumenta su longitud<\/strong> hasta los 4.266 mm y <strong>su anchura<\/strong> hasta los 1.757 mm. Tambi\u00e9n <strong>disminuye su altura<\/strong> respecto a su hermano, con 1.493 mm, lo que le proporciona una <strong>silueta m\u00e1s estilizada<\/strong>. <\/p>\n<p><\/p>\n<p><\/p>\n<div class=\"wp-block-image\">\n<figure class=\"alignright\"><img loading=\"lazy\" decoding=\"async\" width=\"300\" height=\"200\" src=\"https:\/\/www.sibuscascoche.com\/noticias\/wp-content\/uploads\/2020\/09\/nuevo-volkswagen-nivus.jpg\" alt=\"volkswagen nivus, Volkswagen de ocasi\u00f3n\" class=\"wp-image-16065\"\/><\/figure>\n<\/div>\n<p><\/p>\n<p><\/p>\n<p>En su dise\u00f1o exterior presenta una <strong>parrilla muy fina y ancha<\/strong> que conecta con los faros, siguiendo la l\u00ednea de otros modelos como el Tiguan o el T-Roc. Por su parte, la <strong>suave ca\u00edda del techo<\/strong> le proporciona ese <strong>aspecto din\u00e1mico y deportivo<\/strong>. En cuanto a los grupos \u00f3pticos traseros, conserva el panel negro que une los faros que ya estaba presente en el T-Cross. <\/p>\n<p><\/p>\n<p><\/p>\n<p>En su interior, incluye el <strong>cuadro de instrumentos \u201cDigital Cockpit\u201d<\/strong> de 10 pulgadas y una pantalla t\u00e1ctil del mismo tama\u00f1o en la consola central. El <strong>equipamiento tecnol\u00f3gico<\/strong> del Volkswagen Nivus es <strong>muy completo<\/strong>. Este SUV incluye, entre otras cosas, control de estabilidad electr\u00f3nico (ESC), asistente de arranque en pendiente, acceso y arranque sin llave, detector de fatiga y c\u00e1mara trasera.<\/p>\n<p><\/p>\n<p><\/p>\n<p>Aunque todav\u00eda no hay mucha informaci\u00f3n al respecto, este modelo estar\u00e1 disponible con un <strong>motor gasolina 1.0 TSI<\/strong> tricil\u00edndrico de 116 CV de potencia. Dispondr\u00e1 exclusivamente de una <strong>caja de cambios autom\u00e1tica<\/strong> DGS de seis velocidades y un <strong>sistema de tracci\u00f3n delantera<\/strong>. <\/p>\n<p><\/p>\n<p><\/p>\n<p>A\u00fan tendremos que esperar algunos meses para ver el Nivus en Europa, no obstante, en nuestro portal web puedes descubrir otros modelos <a href=\"https:\/\/www.sibuscascoche.com\/coches-ocasion\/volkswagen\">Volkswagen de ocasi\u00f3n<\/a> que te sorprender\u00e1n. \u00a1Echa un vistazo! <\/p>\n<p><\/p>\n","protected":false},"excerpt":{"rendered":"<p>Aunque ya ha sido presentado en el mercado sudamericano, no ser\u00e1 hasta el 2021 cuando conozcamos en Europa el Volkswagen Nivus. El nuevo SUV urbano de corte coup\u00e9 de la<\/p>\n","protected":false},"author":1,"featured_media":16067,"comment_status":"closed","ping_status":"open","sticky":false,"template":"","format":"standard","meta":{"footnotes":""},"categories":[1,8],"tags":[],"class_list":["post-16063","post","type-post","status-publish","format-standard","has-post-thumbnail","hentry","category-actualidad","category-lanzamientos"],"_links":{"self":[{"href":"https:\/\/www.sibuscascoche.com\/noticias\/wp-json\/wp\/v2\/posts\/16063","targetHints":{"allow":["GET"]}}],"collection":[{"href":"https:\/\/www.sibuscascoche.com\/noticias\/wp-json\/wp\/v2\/posts"}],"about":[{"href":"https:\/\/www.sibuscascoche.com\/noticias\/wp-json\/wp\/v2\/types\/post"}],"author":[{"embeddable":true,"href":"https:\/\/www.sibuscascoche.com\/noticias\/wp-json\/wp\/v2\/users\/1"}],"replies":[{"embeddable":true,"href":"https:\/\/www.sibuscascoche.com\/noticias\/wp-json\/wp\/v2\/comments?post=16063"}],"version-history":[{"count":4,"href":"https:\/\/www.sibuscascoche.com\/noticias\/wp-json\/wp\/v2\/posts\/16063\/revisions"}],"predecessor-version":[{"id":16107,"href":"https:\/\/www.sibuscascoche.com\/noticias\/wp-json\/wp\/v2\/posts\/16063\/revisions\/16107"}],"wp:featuredmedia":[{"embeddable":true,"href":"https:\/\/www.sibuscascoche.com\/noticias\/wp-json\/wp\/v2\/media\/16067"}],"wp:attachment":[{"href":"https:\/\/www.sibuscascoche.com\/noticias\/wp-json\/wp\/v2\/media?parent=16063"}],"wp:term":[{"taxonomy":"category","embeddable":true,"href":"https:\/\/www.sibuscascoche.com\/noticias\/wp-json\/wp\/v2\/categories?post=16063"},{"taxonomy":"post_tag","embeddable":true,"href":"https:\/\/www.sibuscascoche.com\/noticias\/wp-json\/wp\/v2\/tags?post=16063"}],"curies":[{"name":"wp","href":"https:\/\/api.w.org\/{rel}","templated":true}]}}