{"id":16040,"date":"2020-10-04T12:53:54","date_gmt":"2020-10-04T10:53:54","guid":{"rendered":"https:\/\/www.sibuscascoche.com\/noticias\/?p=16040"},"modified":"2020-10-04T12:53:55","modified_gmt":"2020-10-04T10:53:55","slug":"faros-coche-amarillos-seguridad","status":"publish","type":"post","link":"https:\/\/www.sibuscascoche.com\/noticias\/2020\/faros-coche-amarillos-seguridad\/","title":{"rendered":"Faros del coche amarillos, \u00bfson m\u00e1s seguros?"},"content":{"rendered":"<p><\/p>\n<p>El uso de faros amarillos en el coche se remonta al a\u00f1o 36 en Francia. En esa \u00e9poca, el reglamento franc\u00e9s estableci\u00f3 como obligatoria la instalaci\u00f3n de las luces antiniebla delanteras de este color. No obstante, este tipo de faros no solo eran habituales en las marcas galas, sino tambi\u00e9n en otros modelos, as\u00ed que durante el siglo pasado era frecuente ver veh\u00edculos con estas luces. Sin embargo, hoy en d\u00eda est\u00e1n pr\u00e1cticamente en desuso, \u00bfcu\u00e1l es la raz\u00f3n?<\/p>\n<p><\/p>\n<p><\/p>\n<h4 class=\"wp-block-heading\">La seguridad es el origen de los faros de coche amarillos<\/h4>\n<p><\/p>\n<p><\/p>\n<p>La decisi\u00f3n de establecer como obligatorias las luces amarillas ven\u00eda motivada por los informes de la Academia de Ciencias Francesa. Seg\u00fan estos, este tipo de faros produc\u00edan un <strong>menor deslumbramiento<\/strong> y, en los d\u00edas de niebla, proporcionaban una <strong>mejor iluminaci\u00f3n<\/strong>. Pero la verdadera pregunta es, \u00bfson realmente m\u00e1s seguros? La respuesta es s\u00ed, pero depende de las condiciones. <\/p>\n<p><\/p>\n<p><\/p>\n<p>Estos coches circulaban con los faros de color \u201camarillo selectivo\u201d, un tono m\u00e1s apagado y menos brillante. La explicaci\u00f3n sencilla se basa en las ondas de color y en la percepci\u00f3n del ojo humano. Las ondas m\u00e1s cortas pertenecen a los tonos morados, y van aumentando de tama\u00f1o seg\u00fan cambia la tonalidad, azul, verde, amarilla, naranja, hasta llegar a las m\u00e1s largas, las rojas. Las <strong>ondas m\u00e1s largas<\/strong> son <strong>m\u00e1s f\u00e1ciles de distinguir para el ojo humano<\/strong>, por lo tanto, las <strong>tonalidades amarillas<\/strong> son <strong>m\u00e1s visibles en carretera<\/strong> en condiciones de oscuridad o niebla.<\/p>\n<p><\/p>\n<p><\/p>\n<h4 class=\"wp-block-heading\">Entonces, \u00bfpor qu\u00e9 est\u00e1n desapareciendo? <\/h4>\n<p><\/p>\n<p><\/p>\n<div class=\"wp-block-image\">\n<figure class=\"alignright\"><img loading=\"lazy\" decoding=\"async\" width=\"300\" height=\"200\" src=\"https:\/\/www.sibuscascoche.com\/noticias\/wp-content\/uploads\/2020\/08\/faros-coche-amarillos-prohibicion.jpg\" alt=\"faros coche amarillos, coche segunda mano\" class=\"wp-image-16043\"\/><\/figure>\n<\/div>\n<p><\/p>\n<p><\/p>\n<p>La desaparici\u00f3n de los faros de coche amarillos se debe a un <strong>cambio de normativa<\/strong> a finales del siglo XX. En el a\u00f1o 93, Francia revocaba la obligatoriedad de llevarlos, motivada por las nuevas normativas comunitarias de la Uni\u00f3n Europea. Buscando la homogeneidad, en toda la Uni\u00f3n est\u00e1 prohibido llevar estos faros en el coche. <\/p>\n<p><\/p>\n<p><\/p>\n<p>No obstante todav\u00eda se pueden ver <strong>algunas excepciones <\/strong>en carretera. En <strong>Espa\u00f1a<\/strong>, los <strong>coches<\/strong> que hayan sido <strong>matriculados por primera vez antes de 27 de julio de 1999 <\/strong>tienen permitido circular con faros amarillos. Sin embargo, seg\u00fan la normativa espa\u00f1ola, <strong>el resto de veh\u00edculos<\/strong> tienen <strong>prohibido circular con este tipo de luces<\/strong>. Los conductores que no cumplan con esta normativa <strong>no podr\u00e1n superar la ITV<\/strong> y, en caso de ser parados, pueden <strong>enfrentarse a una sanci\u00f3n<\/strong>. <\/p>\n<p><\/p>\n<p><\/p>\n<p>El hecho de que las luces amarillas se hayan prohibido, a pesar de ser m\u00e1s seguras, se debe al mal uso que algunos conductores hacen de ellas. Aunque proporcionan una mayor visibilidad en condiciones de lluvia, niebla o nieve, usarlas en otras circunstancias puede provocar deslumbramientos.<\/p>\n<p><\/p>\n","protected":false},"excerpt":{"rendered":"<p>El uso de faros amarillos en el coche se remonta al a\u00f1o 36 en Francia. En esa \u00e9poca, el reglamento franc\u00e9s estableci\u00f3 como obligatoria la instalaci\u00f3n de las luces antiniebla<\/p>\n","protected":false},"author":1,"featured_media":16042,"comment_status":"closed","ping_status":"open","sticky":false,"template":"","format":"standard","meta":{"footnotes":""},"categories":[1,6],"tags":[],"class_list":["post-16040","post","type-post","status-publish","format-standard","has-post-thumbnail","hentry","category-actualidad","category-mantenimiento-consejos"],"_links":{"self":[{"href":"https:\/\/www.sibuscascoche.com\/noticias\/wp-json\/wp\/v2\/posts\/16040","targetHints":{"allow":["GET"]}}],"collection":[{"href":"https:\/\/www.sibuscascoche.com\/noticias\/wp-json\/wp\/v2\/posts"}],"about":[{"href":"https:\/\/www.sibuscascoche.com\/noticias\/wp-json\/wp\/v2\/types\/post"}],"author":[{"embeddable":true,"href":"https:\/\/www.sibuscascoche.com\/noticias\/wp-json\/wp\/v2\/users\/1"}],"replies":[{"embeddable":true,"href":"https:\/\/www.sibuscascoche.com\/noticias\/wp-json\/wp\/v2\/comments?post=16040"}],"version-history":[{"count":3,"href":"https:\/\/www.sibuscascoche.com\/noticias\/wp-json\/wp\/v2\/posts\/16040\/revisions"}],"predecessor-version":[{"id":16105,"href":"https:\/\/www.sibuscascoche.com\/noticias\/wp-json\/wp\/v2\/posts\/16040\/revisions\/16105"}],"wp:featuredmedia":[{"embeddable":true,"href":"https:\/\/www.sibuscascoche.com\/noticias\/wp-json\/wp\/v2\/media\/16042"}],"wp:attachment":[{"href":"https:\/\/www.sibuscascoche.com\/noticias\/wp-json\/wp\/v2\/media?parent=16040"}],"wp:term":[{"taxonomy":"category","embeddable":true,"href":"https:\/\/www.sibuscascoche.com\/noticias\/wp-json\/wp\/v2\/categories?post=16040"},{"taxonomy":"post_tag","embeddable":true,"href":"https:\/\/www.sibuscascoche.com\/noticias\/wp-json\/wp\/v2\/tags?post=16040"}],"curies":[{"name":"wp","href":"https:\/\/api.w.org\/{rel}","templated":true}]}}