{"id":15916,"date":"2020-07-09T16:53:57","date_gmt":"2020-07-09T14:53:57","guid":{"rendered":"https:\/\/www.sibuscascoche.com\/noticias\/?p=15916"},"modified":"2025-07-02T12:59:09","modified_gmt":"2025-07-02T10:59:09","slug":"garantia-coche-nuevo","status":"publish","type":"post","link":"https:\/\/www.sibuscascoche.com\/noticias\/2020\/garantia-coche-nuevo\/","title":{"rendered":"\u00bfPuedo perder la garant\u00eda de mi coche nuevo?"},"content":{"rendered":"<p><\/p>\n<p>Muchos conductores se olvidan de la garant\u00eda legal de su veh\u00edculo, una garant\u00eda que por ley <strong>cubre como m\u00ednimo los dos primeros a\u00f1os<\/strong> del veh\u00edculo desde su fecha de matriculaci\u00f3n sin l\u00edmite de kilometraje. Si acabas de comprarte un coche nuevo tenla en cuenta para posibles aver\u00edas o fallos pero, \u00a1no todo vale! En este art\u00edculo te contamos qu\u00e9 cubre y qu\u00e9 no cubre esta garant\u00eda. <\/p>\n<p><\/p>\n<p><\/p>\n<h4 class=\"wp-block-heading\">\u00bfCu\u00e1ndo puedo usar la garant\u00eda de mi coche?<br \/> <\/h4>\n<p><\/p>\n<p><\/p>\n<p>Podr\u00e1s utilizar la garant\u00eda en caso de que tu veh\u00edculo presente <strong>defectos de f\u00e1brica o aver\u00edas mec\u00e1nicas, el\u00e9ctricas o electr\u00f3nicas,<\/strong> que no est\u00e9n provocadas por el desgaste o la falta de mantenimiento. Existe un plazo de seis meses para reclamar los defectos de f\u00e1brica, pasado este per\u00edodo tendr\u00e1s que demostrarlo mediante un informe pericial.<\/p>\n<p><\/p>\n<p><\/p>\n<p>Ten en cuenta que esta garant\u00eda no se incluye cristales, neum\u00e1ticos, pastillas de freno, discos de freno, aceite o filtros, elementos que se van desgastando con el uso. Los da\u00f1os provocados por la conducci\u00f3n o alguna negligencia tampoco est\u00e1n cubiertos. <\/p>\n<p><\/p>\n<p><\/p>\n<h4 class=\"wp-block-heading\">\u00bfC\u00f3mo puedo perder la garant\u00eda?<br \/> <\/h4>\n<p><\/p>\n<p><\/p>\n<p>Existen algunas pr\u00e1cticas que pueden provocar que el fabricante no se haga responsable de las aver\u00edas o defectos de los elementos de tu coche. Entre ellas se encuentran: <\/p>\n<p><\/p>\n<p><\/p>\n<p><strong>Modificaciones en el veh\u00edculo, adaptaciones o nuevos accesorios<\/strong>. Si estas modificaciones no est\u00e1n autorizadas por el fabricante podr\u00edas perder la garant\u00eda de tu coche. Antes de hacer cualquier cambio en las llantas o neum\u00e1ticos, alerones, o a\u00f1adir nuevos accesorios como equipos de m\u00fasica o c\u00e1maras de visi\u00f3n trasera, te recomendamos ponerte en contacto con el concesionario de la marca para saber si est\u00e1n incluidos o no en la garant\u00eda. No te olvides tampoco de comunicarlo a tu aseguradora para evitar sorpresas posteriores. <\/p>\n<p><\/p>\n<p><\/p>\n<h4 class=\"wp-block-heading\">\u00bfPuedo acudir a cualquier taller?<br \/> <\/h4>\n<p><\/p>\n<p><\/p>\n<figure class=\"wp-block-image alignright\"><img loading=\"lazy\" decoding=\"async\" width=\"300\" height=\"200\" src=\"https:\/\/www.sibuscascoche.com\/noticias\/wp-content\/uploads\/2020\/07\/reparacion-coche-taller.jpg\" alt=\"concesionario galicia, garantia coche, coche nuevo\" class=\"wp-image-15919\"\/><\/figure>\n<p><\/p>\n<p><\/p>\n<p>Por regla general no pierdes la garant\u00eda de tu <a href=\"https:\/\/www.sibuscascoche.com\/coches-ocasion\" data-type=\"link\" data-id=\"https:\/\/www.sibuscascoche.com\/coches-ocasion\">coche<\/a> por acudir a un taller independiente para realizar una reparaci\u00f3n incluida en la misma. Ser\u00e1 necesario que tengas un resguardo con la fecha de entrega y de devoluci\u00f3n del veh\u00edculo y un informe detallado con las reparaciones realizadas y piezas afectadas. Sin embargo, para evitar alg\u00fan tipo de problema te recomendamos que acudas a un concesionario oficial para realizar los mantenimientos incluidos en la garant\u00eda de tu coche.<\/p>\n<p><\/p>\n<p><\/p>\n<p>Si has comprado recientemente un coche nuevo y notas algo raro, recuerda que est\u00e1 cubierto por una garant\u00eda y podr\u00e1s arreglarlo sin coste alguno.<\/p>\n<p><\/p>\n","protected":false},"excerpt":{"rendered":"<p>Muchos conductores se olvidan de la garant\u00eda legal de su veh\u00edculo, una garant\u00eda que por ley cubre como m\u00ednimo los dos primeros a\u00f1os del veh\u00edculo desde su fecha de matriculaci\u00f3n<\/p>\n","protected":false},"author":6,"featured_media":15918,"comment_status":"closed","ping_status":"open","sticky":false,"template":"","format":"standard","meta":{"footnotes":""},"categories":[6],"tags":[225,1528],"class_list":["post-15916","post","type-post","status-publish","format-standard","has-post-thumbnail","hentry","category-mantenimiento-consejos","tag-coche-nuevo","tag-garantia-coche"],"_links":{"self":[{"href":"https:\/\/www.sibuscascoche.com\/noticias\/wp-json\/wp\/v2\/posts\/15916","targetHints":{"allow":["GET"]}}],"collection":[{"href":"https:\/\/www.sibuscascoche.com\/noticias\/wp-json\/wp\/v2\/posts"}],"about":[{"href":"https:\/\/www.sibuscascoche.com\/noticias\/wp-json\/wp\/v2\/types\/post"}],"author":[{"embeddable":true,"href":"https:\/\/www.sibuscascoche.com\/noticias\/wp-json\/wp\/v2\/users\/6"}],"replies":[{"embeddable":true,"href":"https:\/\/www.sibuscascoche.com\/noticias\/wp-json\/wp\/v2\/comments?post=15916"}],"version-history":[{"count":4,"href":"https:\/\/www.sibuscascoche.com\/noticias\/wp-json\/wp\/v2\/posts\/15916\/revisions"}],"predecessor-version":[{"id":18130,"href":"https:\/\/www.sibuscascoche.com\/noticias\/wp-json\/wp\/v2\/posts\/15916\/revisions\/18130"}],"wp:featuredmedia":[{"embeddable":true,"href":"https:\/\/www.sibuscascoche.com\/noticias\/wp-json\/wp\/v2\/media\/15918"}],"wp:attachment":[{"href":"https:\/\/www.sibuscascoche.com\/noticias\/wp-json\/wp\/v2\/media?parent=15916"}],"wp:term":[{"taxonomy":"category","embeddable":true,"href":"https:\/\/www.sibuscascoche.com\/noticias\/wp-json\/wp\/v2\/categories?post=15916"},{"taxonomy":"post_tag","embeddable":true,"href":"https:\/\/www.sibuscascoche.com\/noticias\/wp-json\/wp\/v2\/tags?post=15916"}],"curies":[{"name":"wp","href":"https:\/\/api.w.org\/{rel}","templated":true}]}}