{"id":15911,"date":"2020-07-09T17:00:03","date_gmt":"2020-07-09T15:00:03","guid":{"rendered":"https:\/\/www.sibuscascoche.com\/noticias\/?p=15911"},"modified":"2020-07-09T17:01:38","modified_gmt":"2020-07-09T15:01:38","slug":"origen-logotipo-porsche","status":"publish","type":"post","link":"https:\/\/www.sibuscascoche.com\/noticias\/2020\/origen-logotipo-porsche\/","title":{"rendered":"Descubre el origen del logotipo de Porsche"},"content":{"rendered":"<p><\/p>\n<p>La marca alemana de coches de lujo acaba de presentar una nueva gama de modelos, una edici\u00f3n limitada para hacer homenaje a la historia de la compa\u00f1\u00eda. En concreto, cuatro modelos de colecci\u00f3n ver\u00e1n la luz en los pr\u00f3ximos meses. El primero de ellos pudimos verlo en junio, el <strong>911 Targa 4S Heritage Edition<\/strong> y, con toques de los a\u00f1os 50 y 60, todo su dise\u00f1o exterior e interior refleja elegancia y exclusividad: tipograf\u00edas doradas, cuero, pana en los asientos y molduras y muchos detalles m\u00e1s. El logotipo que aparece en este exclusivo modelo tambi\u00e9n es muy especial, ya que es el logo que se us\u00f3 en el 911 original entre 1964 y 1973. En este art\u00edculo te contamos algunos detalles de la evoluci\u00f3n de la imagen de una de las marcas m\u00e1s conocidas en la historia de la automoci\u00f3n. <\/p>\n<p><\/p>\n<p><\/p>\n<h4 class=\"wp-block-heading\">Historia del logo de Porsche<br \/> <\/h4>\n<p><\/p>\n<p><\/p>\n<div class=\"wp-block-image\">\n<figure class=\"alignright\"><img loading=\"lazy\" decoding=\"async\" width=\"300\" height=\"200\" src=\"https:\/\/www.sibuscascoche.com\/noticias\/wp-content\/uploads\/2020\/07\/porsche-911-targa-4s-heritage.jpg\" alt=\"porsche, logo porsche, 911 targa 4s heritage edition, porsche galicia\" class=\"wp-image-15913\"\/><\/figure>\n<\/div>\n<p><\/p>\n<p><\/p>\n<p>En 1948 comenzaron a utilizarse las letras de Porsche en el modelo 356 pero no ser\u00eda hasta <strong>1951<\/strong> cuando apareci\u00f3 su caracter\u00edstico logotipo. Tras realizar una competici\u00f3n para dise\u00f1ar el logo y darle muchas vueltas, finalmente fue encargado a<strong> Franz Xaver Reimspie\u00df<\/strong>, creador tambi\u00e9n del logotipo de Volkswagen en 1936. Con esta imagen gr\u00e1fica el artista buscaba simbolizar el origen de la compa\u00f1\u00eda y la calidad de sus productos. El caballo es el sello de la ciudad donde fue creada la compa\u00f1\u00eda: Stuttgart. Las barras y astas rojas y negras forman parte del escudo del antiguo estado alem\u00e1n donde se situaba la compa\u00f1\u00eda. Como broche final, la forma que rodea el logotipo se convierte en un arco protector del conjunto. <\/p>\n<p><\/p>\n<p><\/p>\n<p>Este logotipo, de gran carga simb\u00f3lica, ha sufrido muy pocos cambios a lo largo de su historia. En 1973 se cambi\u00f3 un poco la tonalidad, con un tono dorado y rojo m\u00e1s oscuros y se empezaron a utilizar unas letras en relieve para el nombre de Stuttgart. En 1994 se realiz\u00f3 un cambio un poco m\u00e1s importante, las letras pasaron a ser negras y m\u00e1s delgadas, Stuttgart se fij\u00f3 al mismo nivel que la palabra Porsche y se separaron m\u00e1s las barras rojas y negras. Por \u00faltimo, desde 2008 el tono rojo es m\u00e1s brillante. <\/p>\n<p><\/p>\n<p><\/p>\n<p>Esta es la variante que se utiliza en la mayor\u00eda de modelos de la marca alemana. Sin embargo, cuando se fabrica alguna edici\u00f3n especial como el <strong>911 Targa 4S Heritage Edition<\/strong>, se utilizan variaciones m\u00e1s sofisticadas. En este modelo se utilizan los colores originales de 1964 y 1973 y logotipos dorados en la parte trasera y en la nomenclatura Targa. <\/p>\n<p><\/p>\n<p><\/p>\n<p>El tiempo dir\u00e1 si Porsche se une a la moda de lo funcional y minimalista y como ha hecho Volkswagen modifica su logo para adaptarlo al entorno digital. Por el momento, el emblema de la cl\u00e1sica marca sigue extendi\u00e9ndose y siendo reconocido por personas del todo el mundo tal y como se cre\u00f3 en 1951.<\/p>\n<p><\/p>\n","protected":false},"excerpt":{"rendered":"<p>La marca alemana de coches de lujo acaba de presentar una nueva gama de modelos, una edici\u00f3n limitada para hacer homenaje a la historia de la compa\u00f1\u00eda. En concreto, cuatro<\/p>\n","protected":false},"author":6,"featured_media":15914,"comment_status":"closed","ping_status":"open","sticky":false,"template":"","format":"standard","meta":{"footnotes":""},"categories":[8],"tags":[1526,173,1374],"class_list":["post-15911","post","type-post","status-publish","format-standard","has-post-thumbnail","hentry","category-lanzamientos","tag-logo-porsche","tag-porsche","tag-porsche-galicia"],"_links":{"self":[{"href":"https:\/\/www.sibuscascoche.com\/noticias\/wp-json\/wp\/v2\/posts\/15911","targetHints":{"allow":["GET"]}}],"collection":[{"href":"https:\/\/www.sibuscascoche.com\/noticias\/wp-json\/wp\/v2\/posts"}],"about":[{"href":"https:\/\/www.sibuscascoche.com\/noticias\/wp-json\/wp\/v2\/types\/post"}],"author":[{"embeddable":true,"href":"https:\/\/www.sibuscascoche.com\/noticias\/wp-json\/wp\/v2\/users\/6"}],"replies":[{"embeddable":true,"href":"https:\/\/www.sibuscascoche.com\/noticias\/wp-json\/wp\/v2\/comments?post=15911"}],"version-history":[{"count":3,"href":"https:\/\/www.sibuscascoche.com\/noticias\/wp-json\/wp\/v2\/posts\/15911\/revisions"}],"predecessor-version":[{"id":15925,"href":"https:\/\/www.sibuscascoche.com\/noticias\/wp-json\/wp\/v2\/posts\/15911\/revisions\/15925"}],"wp:featuredmedia":[{"embeddable":true,"href":"https:\/\/www.sibuscascoche.com\/noticias\/wp-json\/wp\/v2\/media\/15914"}],"wp:attachment":[{"href":"https:\/\/www.sibuscascoche.com\/noticias\/wp-json\/wp\/v2\/media?parent=15911"}],"wp:term":[{"taxonomy":"category","embeddable":true,"href":"https:\/\/www.sibuscascoche.com\/noticias\/wp-json\/wp\/v2\/categories?post=15911"},{"taxonomy":"post_tag","embeddable":true,"href":"https:\/\/www.sibuscascoche.com\/noticias\/wp-json\/wp\/v2\/tags?post=15911"}],"curies":[{"name":"wp","href":"https:\/\/api.w.org\/{rel}","templated":true}]}}