{"id":15833,"date":"2020-06-23T17:59:42","date_gmt":"2020-06-23T15:59:42","guid":{"rendered":"https:\/\/www.sibuscascoche.com\/noticias\/?p=15833"},"modified":"2020-06-24T13:03:55","modified_gmt":"2020-06-24T11:03:55","slug":"citroen-e-jumpy","status":"publish","type":"post","link":"https:\/\/www.sibuscascoche.com\/noticias\/2020\/citroen-e-jumpy\/","title":{"rendered":"Citr\u00f6en \u00eb-Jumpy, la electromovilidad comercial"},"content":{"rendered":"<p><\/p>\n<p>Citr\u00f6en prepara el lanzamiento de su nuevo furg\u00f3n compacto <strong>\u00eb-Jumpy<\/strong>. Siguiendo los pasos del C5 Aircross Hybrid y del urbano Ami en lo que a tecnolog\u00eda se refiere, forma parte de los seis modelos electrificados que la marca presentar\u00e1 este a\u00f1o. Podr\u00eda estar disponible a finales del verano en sus <strong>versiones XS, M y XL<\/strong>.<\/p>\n<p><\/p>\n<p><\/p>\n<h4 class=\"wp-block-heading\">La versi\u00f3n 100 % el\u00e9ctrica del Jumpy <\/h4>\n<p><\/p>\n<p><\/p>\n<p>Con <strong>dos bater\u00edas<\/strong> de iones de litio este nuevo modelo promete una <strong>autonom\u00eda electrificada suficiente<\/strong> para cada desplazamiento. Una, de 50 kWh de 18 m\u00f3dulos, ofrece 230 km sin recarga. Por otro lado, otra de 75 kWh de 27 m\u00f3dulos, prolonga su autonom\u00eda hasta los 330 km. <\/p>\n<p><\/p>\n<p><\/p>\n<p>Por su parte, el motor el\u00e9ctrico de 100 kW (136 CV) de potencia, alcanza una velocidad m\u00e1xima de 130 km\/h. Adem\u00e1s, el \u00eb-Jumpy estar\u00e1 disponible con <strong>tres modos de conducci\u00f3n<\/strong>: Normal, Eco y Power, que permiten gestionar la entrega de potencia y ahorro de energ\u00eda seg\u00fan las necesidades de cada momento.<\/p>\n<p><\/p>\n<p><\/p>\n<h4 class=\"wp-block-heading\">A la medida de tus necesidades<\/h4>\n<p><\/p>\n<p><\/p>\n<div class=\"wp-block-image\">\n<figure class=\"alignright\"><img loading=\"lazy\" decoding=\"async\" width=\"300\" height=\"200\" src=\"https:\/\/www.sibuscascoche.com\/noticias\/wp-content\/uploads\/2020\/06\/citroen-e-jumpy-barato.jpg\" alt=\"citroen e jumpy barato\" class=\"wp-image-15838\"\/><\/figure>\n<\/div>\n<p><\/p>\n<p><\/p>\n<p>El Citr\u00f6en \u00eb-Jumpy estar\u00e1 disponible en las mismas medidas que su hom\u00f3nima de carburante. Por un lado, con 4,60 m de longitud y con carga de hasta 1275 kg, est\u00e1 la \u00eb-Jumpy XS. Por su parte, las versiones M y XL, de 4,95 y 5,30 m respectivamente, admiten una carga de entre 1000 y 1275 kg. <\/p>\n<p><\/p>\n<p><\/p>\n<p>En cuanto al <strong>interior<\/strong> los cambios son m\u00e1s significativos. Gracias a una consola central con un \u201c<strong>\u00eb-Toggle<\/strong>\u201d, el conductor podr\u00e1 gestionar la caja de cambios mediante diferentes funciones. Adem\u00e1s, cuenta con un <strong>cuadro de instrumentos<\/strong> exclusivo que muestra un indicador del nivel de carga de la bater\u00eda y otro del consumo de los equipamientos el\u00e9ctricos de confort t\u00e9rmico. Tambi\u00e9n incluye una <strong>pantalla t\u00e1ctil de 7 pulgadas<\/strong>, funci\u00f3n de pre-acondicionamiento t\u00e9rmico del habit\u00e1culo a distancia y carga programable.<\/p>\n<p><\/p>\n<p><\/p>\n<p>Este modelo electrificado se presentar\u00e1 en <strong>cuatro versiones: Control<\/strong>, que incorpora Radio RD6 MP3 Bluetooth, retrovisores el\u00e9ctricos calefactados, freno de estacionamiento el\u00e9ctrico; <strong>Club<\/strong>, que a\u00f1ade la ayuda al estacionamiento; <strong>Drive<\/strong>: que incorpora la Radio DAB y el Pack Seguridad Plus; y <strong>CityVan<\/strong>, que dispone de la radio DAB, la funci\u00f3n Top Rear Vision y el acceso y arranque manos libres.<\/p>\n<p><\/p>\n<p><\/p>\n<p>Las ventajas del Citr\u00f6en \u00eb-Jumpy son notables en cuanto a comodidad, calidad de conducci\u00f3n y eficiencia. Pero si no puedes esperar a que salga, en Sibuscascoche disponemos de otros <a href=\"https:\/\/www.sibuscascoche.com\/coches-ocasion\/citroen\">modelos comerciales<\/a> de la marca para que escojas el que mejor se adapte a ti.<\/p>\n<p><\/p>\n","protected":false},"excerpt":{"rendered":"<p>Citr\u00f6en prepara el lanzamiento de su nuevo furg\u00f3n compacto \u00eb-Jumpy. Siguiendo los pasos del C5 Aircross Hybrid y del urbano Ami en lo que a tecnolog\u00eda se refiere, forma parte<\/p>\n","protected":false},"author":1,"featured_media":15837,"comment_status":"closed","ping_status":"open","sticky":false,"template":"","format":"standard","meta":{"footnotes":""},"categories":[1,10,8],"tags":[],"class_list":["post-15833","post","type-post","status-publish","format-standard","has-post-thumbnail","hentry","category-actualidad","category-hibridos-electricos","category-lanzamientos"],"_links":{"self":[{"href":"https:\/\/www.sibuscascoche.com\/noticias\/wp-json\/wp\/v2\/posts\/15833","targetHints":{"allow":["GET"]}}],"collection":[{"href":"https:\/\/www.sibuscascoche.com\/noticias\/wp-json\/wp\/v2\/posts"}],"about":[{"href":"https:\/\/www.sibuscascoche.com\/noticias\/wp-json\/wp\/v2\/types\/post"}],"author":[{"embeddable":true,"href":"https:\/\/www.sibuscascoche.com\/noticias\/wp-json\/wp\/v2\/users\/1"}],"replies":[{"embeddable":true,"href":"https:\/\/www.sibuscascoche.com\/noticias\/wp-json\/wp\/v2\/comments?post=15833"}],"version-history":[{"count":4,"href":"https:\/\/www.sibuscascoche.com\/noticias\/wp-json\/wp\/v2\/posts\/15833\/revisions"}],"predecessor-version":[{"id":15839,"href":"https:\/\/www.sibuscascoche.com\/noticias\/wp-json\/wp\/v2\/posts\/15833\/revisions\/15839"}],"wp:featuredmedia":[{"embeddable":true,"href":"https:\/\/www.sibuscascoche.com\/noticias\/wp-json\/wp\/v2\/media\/15837"}],"wp:attachment":[{"href":"https:\/\/www.sibuscascoche.com\/noticias\/wp-json\/wp\/v2\/media?parent=15833"}],"wp:term":[{"taxonomy":"category","embeddable":true,"href":"https:\/\/www.sibuscascoche.com\/noticias\/wp-json\/wp\/v2\/categories?post=15833"},{"taxonomy":"post_tag","embeddable":true,"href":"https:\/\/www.sibuscascoche.com\/noticias\/wp-json\/wp\/v2\/tags?post=15833"}],"curies":[{"name":"wp","href":"https:\/\/api.w.org\/{rel}","templated":true}]}}