{"id":15818,"date":"2020-06-24T13:02:37","date_gmt":"2020-06-24T11:02:37","guid":{"rendered":"https:\/\/www.sibuscascoche.com\/noticias\/?p=15818"},"modified":"2020-06-24T13:02:38","modified_gmt":"2020-06-24T11:02:38","slug":"mazda-premios-wcoty","status":"publish","type":"post","link":"https:\/\/www.sibuscascoche.com\/noticias\/2020\/mazda-premios-wcoty\/","title":{"rendered":"Doble nominaci\u00f3n de Mazda en los premios WCOTY"},"content":{"rendered":"<p><\/p>\n<p>Cada sector tiene su gran cita anual de galardones. En el \u00e1mbito automovil\u00edstico, este a\u00f1o, los premios World Car Of The Year (WCOTY), han sido una cita hist\u00f3rica para Mazda. Dos de sus modelos, el <strong>Mazda3<\/strong> y el <strong>Mazda CX-30<\/strong> han competido como finalistas a mejor coche del a\u00f1o. <\/p>\n<p><\/p>\n<p><\/p>\n<p>La filosof\u00eda de <a href=\"https:\/\/www.sibuscascoche.com\/coches-ocasion\/mazda\">Mazda<\/a> de crear la perfecta conexi\u00f3n entre coche y conductor la han convertido en digna merecedora de ser la primera marca en tener dos modelos entre los tres finalistas en los premios WCOTY.<\/p>\n<p><\/p>\n<p><\/p>\n<h4 class=\"wp-block-heading\">Dos coches inimitables<\/h4>\n<p><\/p>\n<p><\/p>\n<div class=\"wp-block-image\">\n<figure class=\"alignright\"><img loading=\"lazy\" decoding=\"async\" width=\"300\" height=\"200\" src=\"https:\/\/www.sibuscascoche.com\/noticias\/wp-content\/uploads\/2020\/06\/mazda-premios-WCOTY-skyactive.jpg\" alt=\"mazda premios WCOTY, mazda barato\" class=\"wp-image-15825\"\/><\/figure>\n<\/div>\n<p><\/p>\n<p><\/p>\n<p>El Mazda3 se ha convertido en uno de los <strong>referentes<\/strong> de la nueva generaci\u00f3n de coches de la marca. Este modelo, del que se han vendido m\u00e1s de seis millones de coches, ha incorporado los <strong>\u00faltimos avances<\/strong> en <strong>ingenier\u00eda<\/strong> y <strong>fabricaci\u00f3n<\/strong>. A nivel t\u00e9cnico, es el primer Mazda en incorporar el motor de gasolina Skyactiv-X, un revolucionario sistema que busca unificar sostenibilidad y una conducci\u00f3n sobresaliente.<\/p>\n<p><\/p>\n<p><\/p>\n<p>Por otro lado, el Mazda CX-30 pone la <strong>\u00faltima tecnolog\u00eda<\/strong> al servicio del conductor. Gracias a la conectividad y a todos los sistemas y elementos estrat\u00e9gicamente dispuestos de este SUV compacto, la conducci\u00f3n se vuelve absolutamente confortable. Adem\u00e1s, al igual que su hermano, dispone de un motor Skyactiv-X, que favorece la reducci\u00f3n de las emisiones de CO2 y permite el ahorro de combustible. <\/p>\n<p><\/p>\n<p><\/p>\n<h4 class=\"wp-block-heading\">El dise\u00f1o Kodo galardonado<\/h4>\n<p><\/p>\n<p><\/p>\n<p>El Mazda3 no solo compet\u00eda en la categor\u00eda a mejor coche del a\u00f1o, sino que tambi\u00e9n aspiraba al premio a <strong>mejor dise\u00f1o<\/strong>. En este caso, el dise\u00f1o Kodo que caracteriza a la marca japonesa se ha llevado su galard\u00f3n. El dise\u00f1o de este modelo destaca por la elegancia y la pureza de una <strong>est\u00e9tica minimalista<\/strong> inspirada en la tradici\u00f3n del arte japon\u00e9s. La horas de trabajo, desde el propio moldeado del prototipo con arcilla, hasta el acabado final, le han valido al sed\u00e1n este premio que supone un <strong>reconocimiento<\/strong> a la est\u00e9tica por la que Mazda ha apostado en sus \u00faltimos modelos. <\/p>\n<p><\/p>\n","protected":false},"excerpt":{"rendered":"<p>Cada sector tiene su gran cita anual de galardones. En el \u00e1mbito automovil\u00edstico, este a\u00f1o, los premios World Car Of The Year (WCOTY), han sido una cita hist\u00f3rica para Mazda.<\/p>\n","protected":false},"author":1,"featured_media":15824,"comment_status":"closed","ping_status":"open","sticky":false,"template":"","format":"standard","meta":{"footnotes":""},"categories":[1],"tags":[],"class_list":["post-15818","post","type-post","status-publish","format-standard","has-post-thumbnail","hentry","category-actualidad"],"_links":{"self":[{"href":"https:\/\/www.sibuscascoche.com\/noticias\/wp-json\/wp\/v2\/posts\/15818","targetHints":{"allow":["GET"]}}],"collection":[{"href":"https:\/\/www.sibuscascoche.com\/noticias\/wp-json\/wp\/v2\/posts"}],"about":[{"href":"https:\/\/www.sibuscascoche.com\/noticias\/wp-json\/wp\/v2\/types\/post"}],"author":[{"embeddable":true,"href":"https:\/\/www.sibuscascoche.com\/noticias\/wp-json\/wp\/v2\/users\/1"}],"replies":[{"embeddable":true,"href":"https:\/\/www.sibuscascoche.com\/noticias\/wp-json\/wp\/v2\/comments?post=15818"}],"version-history":[{"count":5,"href":"https:\/\/www.sibuscascoche.com\/noticias\/wp-json\/wp\/v2\/posts\/15818\/revisions"}],"predecessor-version":[{"id":15840,"href":"https:\/\/www.sibuscascoche.com\/noticias\/wp-json\/wp\/v2\/posts\/15818\/revisions\/15840"}],"wp:featuredmedia":[{"embeddable":true,"href":"https:\/\/www.sibuscascoche.com\/noticias\/wp-json\/wp\/v2\/media\/15824"}],"wp:attachment":[{"href":"https:\/\/www.sibuscascoche.com\/noticias\/wp-json\/wp\/v2\/media?parent=15818"}],"wp:term":[{"taxonomy":"category","embeddable":true,"href":"https:\/\/www.sibuscascoche.com\/noticias\/wp-json\/wp\/v2\/categories?post=15818"},{"taxonomy":"post_tag","embeddable":true,"href":"https:\/\/www.sibuscascoche.com\/noticias\/wp-json\/wp\/v2\/tags?post=15818"}],"curies":[{"name":"wp","href":"https:\/\/api.w.org\/{rel}","templated":true}]}}