{"id":15775,"date":"2020-05-19T11:31:26","date_gmt":"2020-05-19T09:31:26","guid":{"rendered":"https:\/\/www.sibuscascoche.com\/noticias\/?p=15775"},"modified":"2020-05-26T08:54:37","modified_gmt":"2020-05-26T06:54:37","slug":"uso-coche-plan-desescalada","status":"publish","type":"post","link":"https:\/\/www.sibuscascoche.com\/noticias\/2020\/uso-coche-plan-desescalada\/","title":{"rendered":"Uso del coche durante el plan de desescalada"},"content":{"rendered":"<p><\/p>\n<div class=\"wp-block-media-text alignwide has-media-on-the-right\">\n<figure class=\"wp-block-media-text__media\"><img loading=\"lazy\" decoding=\"async\" width=\"300\" height=\"200\" src=\"https:\/\/www.sibuscascoche.com\/noticias\/wp-content\/uploads\/2020\/05\/cu\u00e1ndo-y-c\u00f3mo-usar-el-coche-durante-el-plan-de-desescalada.jpg\" alt=\"usar el coche plan desescalada\" class=\"wp-image-15780\"\/><\/figure>\n<div class=\"wp-block-media-text__content\"><\/p>\n<p><strong> El 4 de mayo se inici\u00f3 el plan de desescalada, que contempla cuatro escenarios en los que las restricciones al uso del coche se van suavizando.<\/strong> En este camino a la \u00abnueva normalidad\u00bb a los conductores nos asaltan dudas como: \u00bfcu\u00e1ntos ocupantes pueden ir en cada veh\u00edculo?, \u00bfhasta d\u00f3nde nos podemos desplazar con nuestro coche?, \u00bfqui\u00e9nes pueden viajar juntos?, etc.  <strong>Cada fase de la desescalada plantea un escenario que analizaremos a continuaci\u00f3n.<\/strong> Adem\u00e1s, hay que tener en cuenta que las fechas para la entrada en vigor de cada fase son indicativas. Su implantaci\u00f3n real depender\u00e1 del cumplimiento de los indicadores establecidos. <\/p>\n<p><\/div>\n<\/div>\n<p><\/p>\n<p><\/p>\n<h2 class=\"wp-block-heading\">Fase 0<\/h2>\n<p><\/p>\n<p><\/p>\n<p>Esta fase se inici\u00f3 para toda la geograf\u00eda nacional el 4 de mayo, excepto para las islas de Formentera, La Gomera, El Hierro y La Graciosa que entran directamente en la fase 1. <strong>En esta se permiten los mismos desplazamientos que hasta ahora.<\/strong> Es decir, para ir al m\u00e9dico, a comprar alimentos y bienes de higiene, al banco, al trabajo o a alg\u00fan otro lugar si existe una causa de fuerza mayor.<\/p>\n<p><\/p>\n<p><\/p>\n<p><strong>La novedad que incluye esta fase es la autorizaci\u00f3n para acudir a huertos familiares, de autoconsumo o municipales. <\/strong>Siempre que estos \u00faltimos est\u00e9n ubicados en el mismo t\u00e9rmino municipal que el del domicilio o uno adyacente al mismo. Ademas, en estos tambi\u00e9n se deben adoptar las medidas higi\u00e9nicas y de distanciamiento necesarias.<\/p>\n<p><\/p>\n<p><\/p>\n<h2 class=\"wp-block-heading\"> Fase 1: a partir del 11 de mayo<\/h2>\n<p><\/p>\n<p><\/p>\n<p>En esta fase<strong> se permitir\u00e1 a los ocupantes de un mismo domicilio viajar juntos en el interior de un veh\u00edculo de hasta nueve plazas.<\/strong> <strong>Cuando los ocupantes no residan en el mismo domicilio tendr\u00e1n que viajar como m\u00e1ximo dos personas en cada fila.<\/strong> Estas tambi\u00e9n deber\u00e1n usar mascarillas. Para los veh\u00edculos como minibuses o furgonetas tendr\u00e1 que mantenerse vac\u00eda la fila situada inmediatamente detr\u00e1s del conductor.<\/p>\n<p><\/p>\n<p><\/p>\n<p>Tambi\u00e9n se contempla la posibilidad de acudir a seminarios o congresos cient\u00edficos e innovadores; a establecimientos comerciales que no pertenezcan a grandes centros o parques; a instalaciones cient\u00edfico-t\u00e9cnicas que hasta el momento estuvieran cerradas y a bibliotecas, museos y otros espect\u00e1culos al aire libre. Adem\u00e1s, quienes formen parte de la industria audiovisual tambi\u00e9n podr\u00e1n usar su veh\u00edculo para desplazarse hasta sus puestos de trabajo. <\/p>\n<p><\/p>\n<p><\/p>\n<h2 class=\"wp-block-heading\">Fase 2: a partir del 25 de mayo<\/h2>\n<p><\/p>\n<p><\/p>\n<p><strong>Una de las principales medidas que entrar\u00e1n en vigor es la de permitir viajar a segundas residencias dentro de la misma provincia<\/strong>, a bodas, centros comerciales, zonas de caza y pesca deportiva, auditorios, cines, teatros y otros espacios similares. Tambi\u00e9n se podr\u00e1 utilizar el veh\u00edculo privado para ir a eventos escolares de educaci\u00f3n especial, autoescuelas y otros proveedores de formaci\u00f3n que no est\u00e9n incluidos en el cap\u00edtulo de Educaci\u00f3n y Ciencia. Finalmente, <strong>estar\u00e1n permitidas las visitas a familiares con discapacidad en viviendas y residencias tuteladas. <\/strong><\/p>\n<p><\/p>\n<p><\/p>\n<h2 class=\"wp-block-heading\">Fase 3: a partir del 8 de junio<\/h2>\n<p><\/p>\n<p><\/p>\n<p>En este escenario <strong>est\u00e1 previsto que se permita la reincorporaci\u00f3n al trabajo presencial en aquellas empresas que siguieran obligadas a fomentar el teletrabajo al m\u00e1ximo. El tr\u00e1nsito entre provincias que ya hayan entrado en esta fase tambi\u00e9n estar\u00e1 permitido.<\/strong> Pero no ser\u00e1 posible el desplazamiento entre provincias que se encuentren en fases distintas. <\/p>\n<p><\/p>\n<p><\/p>\n<p>Y aunque no se ha confirmado oficialmente, parece plausible que se ampl\u00eden las posibilidades de ocupaci\u00f3n de los veh\u00edculos. Sin embargo, probablemente siga vigente la obligaci\u00f3n de llevar mascarilla cuando los ocupantes del veh\u00edculo no residan en el mismo domicilio. <\/p>\n<p><\/p>\n","protected":false},"excerpt":{"rendered":"<p>El 4 de mayo se inici\u00f3 el plan de desescalada, que contempla cuatro escenarios en los que las restricciones al uso del coche se van suavizando. En este camino a<\/p>\n","protected":false},"author":6,"featured_media":15779,"comment_status":"closed","ping_status":"open","sticky":false,"template":"","format":"standard","meta":{"footnotes":""},"categories":[1],"tags":[],"class_list":["post-15775","post","type-post","status-publish","format-standard","has-post-thumbnail","hentry","category-actualidad"],"_links":{"self":[{"href":"https:\/\/www.sibuscascoche.com\/noticias\/wp-json\/wp\/v2\/posts\/15775","targetHints":{"allow":["GET"]}}],"collection":[{"href":"https:\/\/www.sibuscascoche.com\/noticias\/wp-json\/wp\/v2\/posts"}],"about":[{"href":"https:\/\/www.sibuscascoche.com\/noticias\/wp-json\/wp\/v2\/types\/post"}],"author":[{"embeddable":true,"href":"https:\/\/www.sibuscascoche.com\/noticias\/wp-json\/wp\/v2\/users\/6"}],"replies":[{"embeddable":true,"href":"https:\/\/www.sibuscascoche.com\/noticias\/wp-json\/wp\/v2\/comments?post=15775"}],"version-history":[{"count":10,"href":"https:\/\/www.sibuscascoche.com\/noticias\/wp-json\/wp\/v2\/posts\/15775\/revisions"}],"predecessor-version":[{"id":15811,"href":"https:\/\/www.sibuscascoche.com\/noticias\/wp-json\/wp\/v2\/posts\/15775\/revisions\/15811"}],"wp:featuredmedia":[{"embeddable":true,"href":"https:\/\/www.sibuscascoche.com\/noticias\/wp-json\/wp\/v2\/media\/15779"}],"wp:attachment":[{"href":"https:\/\/www.sibuscascoche.com\/noticias\/wp-json\/wp\/v2\/media?parent=15775"}],"wp:term":[{"taxonomy":"category","embeddable":true,"href":"https:\/\/www.sibuscascoche.com\/noticias\/wp-json\/wp\/v2\/categories?post=15775"},{"taxonomy":"post_tag","embeddable":true,"href":"https:\/\/www.sibuscascoche.com\/noticias\/wp-json\/wp\/v2\/tags?post=15775"}],"curies":[{"name":"wp","href":"https:\/\/api.w.org\/{rel}","templated":true}]}}