{"id":1576,"date":"2014-02-21T18:28:26","date_gmt":"2014-02-21T17:28:26","guid":{"rendered":"https:\/\/www.sibuscascoche.com\/noticias\/?p=1576"},"modified":"2014-02-26T15:32:09","modified_gmt":"2014-02-26T14:32:09","slug":"porsche-exclusive-una-joya-de-oro-puro-disenada-para-ti","status":"publish","type":"post","link":"https:\/\/www.sibuscascoche.com\/noticias\/2014\/porsche-exclusive-una-joya-de-oro-puro-disenada-para-ti\/","title":{"rendered":"Porsche Exclusive, una joya de oro puro dise\u00f1ada para ti"},"content":{"rendered":"<p style=\"text-align: justify;\">Si los trajes de alta costura se confeccionan a medida, \u00bfpor qu\u00e9 no hacer lo mismo cuando se trata de coches de lujo? Esta pregunta, que ya respondieron en su d\u00eda algunas marcas como Audi o BMW, es ahora el nuevo desaf\u00edo de Porsche, que acaba de presentar un nuevo ejemplo de esta divisi\u00f3n destinada a la personalizaci\u00f3n del veh\u00edculo seg\u00fan los deseos, gustos y personalidad del cliente.<\/p>\n<p style=\"text-align: justify;\"><img loading=\"lazy\" decoding=\"async\" class=\"alignright size-full wp-image-1579\" alt=\"Porsche Exclusive  \" src=\"https:\/\/www.sibuscascoche.com\/noticias\/wp-content\/uploads\/2014\/02\/porsche_interior.jpg\" width=\"320\" height=\"211\" srcset=\"https:\/\/www.sibuscascoche.com\/noticias\/wp-content\/uploads\/2014\/02\/porsche_interior.jpg 320w, https:\/\/www.sibuscascoche.com\/noticias\/wp-content\/uploads\/2014\/02\/porsche_interior-300x197.jpg 300w\" sizes=\"auto, (max-width: 320px) 100vw, 320px\" \/>La mejor forma de mostrar hasta d\u00f3nde llega la capacidad de este programa de personalizaci\u00f3n es observar al detalle el nuevo Porsche 911 Turbo. No se trata de algo tan sencillo como escoger la gama crom\u00e1tica o la carrocer\u00eda, sino que hay muchos aspectos entre los que el consumidor puede escoger, incluso los propios materiales.<\/p>\n<p style=\"text-align: justify;\">En su exterior, el Porsche 911 Turbo llama la atenci\u00f3n por su pintura dorada metalizada (Lime Gold Metalic), un color \u00fanico que brilla por encima de otros tonos de esa misma gama y que rompe a la vista con el negro de las llantas, en formato de cinco radios, y las molduras exteriores. Adem\u00e1s, novedosos son tambi\u00e9n los faros traseros posteriores, que dejan de lado la t\u00f3nica m\u00e1s tradicional de Porsche \u2013habitualmente en rojo- para decantarse por un sorprendente acabado transparente.<\/p>\n<p style=\"text-align: justify;\"><img loading=\"lazy\" decoding=\"async\" class=\" wp-image-1580 alignleft\" alt=\"Coche segunda mano\" src=\"https:\/\/www.sibuscascoche.com\/noticias\/wp-content\/uploads\/2014\/02\/porsche_interior_2.jpg\" width=\"198\" height=\"284\" \/>Y, para que no falte detalle, el interior tambi\u00e9n incluye toques bicolores de pintura en color orolima que se fusionan con una tapicer\u00eda de cuero marr\u00f3n oscuro y que, incluso, combinan crom\u00e1ticamente con las alfombrillas ribeteadas y los acabados del salpicadero. Otro aspecto que conviene destacar en esta creaci\u00f3n de Porsche Exclusive es el uso de la fibra de carbono en la moldura de la consola central, as\u00ed como en las molduras de acceso de las puertas, \u00e9stas en carbono con iluminaci\u00f3n.Adem\u00e1s de este elemento como material de alta tecnolog\u00eda, se emplea el resistente Alc\u00e1ntara en el volante SportDesign, as\u00ed como en la palanca selectora PDK.<\/p>\n<p style=\"text-align: justify;\">Los cambios est\u00e9ticos son evidentes y cuidados al mil\u00edmetro, sin embargo no existen modificaciones en el aspecto mec\u00e1nico, manteniendo su ya de por s\u00ed potente motor boxer de seis cilindros y 520 cv que logra acelerar de 0 a 100 km en tan s\u00f3lo 3,2 segundos, alcanzando una velocidad m\u00e1xima de 315 km\/hora.<\/p>\n<p style=\"text-align: justify;\">Si Porsche ya era sin\u00f3nimo de distinci\u00f3n, con este programa se a\u00f1ade, adem\u00e1s, el valor de la exclusividad. El \u00fanico secreto para el cliente es dejar volar la imaginaci\u00f3n y so\u00f1ar con qu\u00e9 Porsche le gustar\u00eda conducir cada d\u00eda.<\/p>\n","protected":false},"excerpt":{"rendered":"<p>Si los trajes de alta costura se confeccionan a medida, \u00bfpor qu\u00e9 no hacer lo mismo cuando se trata de coches de lujo? Esta pregunta, que ya respondieron en su<\/p>\n","protected":false},"author":1,"featured_media":1577,"comment_status":"closed","ping_status":"open","sticky":false,"template":"","format":"standard","meta":{"footnotes":""},"categories":[7],"tags":[173],"class_list":["post-1576","post","type-post","status-publish","format-standard","has-post-thumbnail","hentry","category-turismos","tag-porsche"],"_links":{"self":[{"href":"https:\/\/www.sibuscascoche.com\/noticias\/wp-json\/wp\/v2\/posts\/1576","targetHints":{"allow":["GET"]}}],"collection":[{"href":"https:\/\/www.sibuscascoche.com\/noticias\/wp-json\/wp\/v2\/posts"}],"about":[{"href":"https:\/\/www.sibuscascoche.com\/noticias\/wp-json\/wp\/v2\/types\/post"}],"author":[{"embeddable":true,"href":"https:\/\/www.sibuscascoche.com\/noticias\/wp-json\/wp\/v2\/users\/1"}],"replies":[{"embeddable":true,"href":"https:\/\/www.sibuscascoche.com\/noticias\/wp-json\/wp\/v2\/comments?post=1576"}],"version-history":[{"count":2,"href":"https:\/\/www.sibuscascoche.com\/noticias\/wp-json\/wp\/v2\/posts\/1576\/revisions"}],"predecessor-version":[{"id":1581,"href":"https:\/\/www.sibuscascoche.com\/noticias\/wp-json\/wp\/v2\/posts\/1576\/revisions\/1581"}],"wp:featuredmedia":[{"embeddable":true,"href":"https:\/\/www.sibuscascoche.com\/noticias\/wp-json\/wp\/v2\/media\/1577"}],"wp:attachment":[{"href":"https:\/\/www.sibuscascoche.com\/noticias\/wp-json\/wp\/v2\/media?parent=1576"}],"wp:term":[{"taxonomy":"category","embeddable":true,"href":"https:\/\/www.sibuscascoche.com\/noticias\/wp-json\/wp\/v2\/categories?post=1576"},{"taxonomy":"post_tag","embeddable":true,"href":"https:\/\/www.sibuscascoche.com\/noticias\/wp-json\/wp\/v2\/tags?post=1576"}],"curies":[{"name":"wp","href":"https:\/\/api.w.org\/{rel}","templated":true}]}}